{"id":9799,"date":"2017-08-28T00:05:43","date_gmt":"2017-08-27T22:05:43","guid":{"rendered":"https:\/\/alainlarivierephoto.com\/?p=9799"},"modified":"2017-07-26T22:56:40","modified_gmt":"2017-07-26T20:56:40","slug":"texture-vegetale-2","status":"publish","type":"post","link":"https:\/\/alainlarivierephoto.com\/?p=9799","title":{"rendered":"Texture v\u00e9g\u00e9tale"},"content":{"rendered":"<div id=\"attachment_9706\" style=\"width: 1290px\" class=\"wp-caption aligncenter\"><a href=\"https:\/\/alainlarivierephoto.com\/wp-content\/uploads\/2017\/07\/Texture-v\u00e9g\u00e9tale-01cE.jpg\"><img loading=\"lazy\" decoding=\"async\" aria-describedby=\"caption-attachment-9706\" class=\"size-full wp-image-9706 colorbox-9799\" src=\"https:\/\/alainlarivierephoto.com\/wp-content\/uploads\/2017\/07\/Texture-v\u00e9g\u00e9tale-01cE.jpg\" alt=\"Texture v\u00e9g\u00e9tale -2-\" width=\"1280\" height=\"830\" srcset=\"https:\/\/alainlarivierephoto.com\/wp-content\/uploads\/2017\/07\/Texture-v\u00e9g\u00e9tale-01cE.jpg 1280w, https:\/\/alainlarivierephoto.com\/wp-content\/uploads\/2017\/07\/Texture-v\u00e9g\u00e9tale-01cE-180x117.jpg 180w, https:\/\/alainlarivierephoto.com\/wp-content\/uploads\/2017\/07\/Texture-v\u00e9g\u00e9tale-01cE-300x195.jpg 300w, https:\/\/alainlarivierephoto.com\/wp-content\/uploads\/2017\/07\/Texture-v\u00e9g\u00e9tale-01cE-768x498.jpg 768w\" sizes=\"auto, (max-width: 1280px) 100vw, 1280px\" \/><\/a><p id=\"caption-attachment-9706\" class=\"wp-caption-text\">Texture v\u00e9g\u00e9tale<\/p><\/div>\n<p>&nbsp;<\/p>\n<p>Composition v\u00e9g\u00e9tale avec Gramin\u00e9es et Rumex (Oseille sauvage) o\u00f9 la lumi\u00e8re met en valeur la texture des v\u00e9g\u00e9taux.<\/p>\n","protected":false},"excerpt":{"rendered":"<p>&nbsp; Composition v\u00e9g\u00e9tale avec Gramin\u00e9es et Rumex (Oseille sauvage) o\u00f9 la lumi\u00e8re met en valeur la texture des v\u00e9g\u00e9taux.<\/p>\n","protected":false},"author":1,"featured_media":0,"comment_status":"open","ping_status":"open","sticky":false,"template":"","format":"standard","meta":{"footnotes":"","_links_to":"","_links_to_target":""},"categories":[14,18],"tags":[73,76,75,74],"class_list":["post-9799","post","type-post","status-publish","format-standard","hentry","category-flore","category-textures-vegetales","tag-graminee","tag-oseille","tag-rumex","tag-texture-vegetale"],"_links":{"self":[{"href":"https:\/\/alainlarivierephoto.com\/index.php?rest_route=\/wp\/v2\/posts\/9799","targetHints":{"allow":["GET"]}}],"collection":[{"href":"https:\/\/alainlarivierephoto.com\/index.php?rest_route=\/wp\/v2\/posts"}],"about":[{"href":"https:\/\/alainlarivierephoto.com\/index.php?rest_route=\/wp\/v2\/types\/post"}],"author":[{"embeddable":true,"href":"https:\/\/alainlarivierephoto.com\/index.php?rest_route=\/wp\/v2\/users\/1"}],"replies":[{"embeddable":true,"href":"https:\/\/alainlarivierephoto.com\/index.php?rest_route=%2Fwp%2Fv2%2Fcomments&post=9799"}],"version-history":[{"count":2,"href":"https:\/\/alainlarivierephoto.com\/index.php?rest_route=\/wp\/v2\/posts\/9799\/revisions"}],"predecessor-version":[{"id":9801,"href":"https:\/\/alainlarivierephoto.com\/index.php?rest_route=\/wp\/v2\/posts\/9799\/revisions\/9801"}],"wp:attachment":[{"href":"https:\/\/alainlarivierephoto.com\/index.php?rest_route=%2Fwp%2Fv2%2Fmedia&parent=9799"}],"wp:term":[{"taxonomy":"category","embeddable":true,"href":"https:\/\/alainlarivierephoto.com\/index.php?rest_route=%2Fwp%2Fv2%2Fcategories&post=9799"},{"taxonomy":"post_tag","embeddable":true,"href":"https:\/\/alainlarivierephoto.com\/index.php?rest_route=%2Fwp%2Fv2%2Ftags&post=9799"}],"curies":[{"name":"wp","href":"https:\/\/api.w.org\/{rel}","templated":true}]}}