{"id":9796,"date":"2017-08-27T00:05:24","date_gmt":"2017-08-26T22:05:24","guid":{"rendered":"https:\/\/alainlarivierephoto.com\/?p=9796"},"modified":"2019-01-14T11:46:14","modified_gmt":"2019-01-14T10:46:14","slug":"lombre-du-repas-1","status":"publish","type":"post","link":"https:\/\/alainlarivierephoto.com\/?p=9796","title":{"rendered":"L&rsquo;ombre du repas"},"content":{"rendered":"<div id=\"attachment_9791\" style=\"width: 1290px\" class=\"wp-caption aligncenter\"><a href=\"https:\/\/alainlarivierephoto.com\/wp-content\/uploads\/2017\/07\/Lombre-du-repas-01ER1sat.jpg\"><img loading=\"lazy\" decoding=\"async\" aria-describedby=\"caption-attachment-9791\" class=\"wp-image-9791 size-full colorbox-9796\" src=\"https:\/\/alainlarivierephoto.com\/wp-content\/uploads\/2017\/07\/Lombre-du-repas-01ER1sat.jpg\" alt=\"L'ombre du repas -1-\" width=\"1280\" height=\"737\" srcset=\"https:\/\/alainlarivierephoto.com\/wp-content\/uploads\/2017\/07\/Lombre-du-repas-01ER1sat.jpg 1280w, https:\/\/alainlarivierephoto.com\/wp-content\/uploads\/2017\/07\/Lombre-du-repas-01ER1sat-180x104.jpg 180w, https:\/\/alainlarivierephoto.com\/wp-content\/uploads\/2017\/07\/Lombre-du-repas-01ER1sat-300x173.jpg 300w, https:\/\/alainlarivierephoto.com\/wp-content\/uploads\/2017\/07\/Lombre-du-repas-01ER1sat-768x442.jpg 768w\" sizes=\"auto, (max-width: 1280px) 100vw, 1280px\" \/><\/a><p id=\"caption-attachment-9791\" class=\"wp-caption-text\">L&rsquo;ombre du repas<\/p><\/div>\n<p>&nbsp;<\/p>\n<p style=\"text-align: justify;\">C\u2019est \u00e0 l\u2019occasion d\u2019un repas, dans une salle de restaurant, que je remarquais les ombres des bouteilles et verres qui se dessinaient sur le lambris du mur. Le temps de prendre quelques clich\u00e9s, la chaude lumi\u00e8re de fin d\u2019apr\u00e8s-midi s\u2019\u00e9tant d\u00e9plac\u00e9e, la sc\u00e9nographie avait disparue.<\/p>\n<p style=\"text-align: justify;\">C&rsquo;est donc cette forte lumi\u00e8re de fin d&rsquo;apr\u00e8s-midi projetant l&rsquo;ombre des bouteilles et des verres sur le mur lambriss\u00e9 qui me donna l&rsquo;id\u00e9e de cette composition photographique color\u00e9e.<\/p>\n","protected":false},"excerpt":{"rendered":"<p>&nbsp; C\u2019est \u00e0 l\u2019occasion d\u2019un repas, dans une salle de restaurant, que je remarquais les ombres des bouteilles et verres qui se dessinaient sur le lambris du mur. Le temps de prendre quelques clich\u00e9s, la chaude lumi\u00e8re de fin d\u2019apr\u00e8s-midi s\u2019\u00e9tant d\u00e9plac\u00e9e, la sc\u00e9nographie avait disparue. C&rsquo;est donc cette forte lumi\u00e8re de fin d&rsquo;apr\u00e8s-midi projetant [&hellip;]<\/p>\n","protected":false},"author":1,"featured_media":0,"comment_status":"open","ping_status":"open","sticky":false,"template":"","format":"standard","meta":{"footnotes":"","_links_to":"","_links_to_target":""},"categories":[391,17],"tags":[734,28],"class_list":["post-9796","post","type-post","status-publish","format-standard","hentry","category-graphisme","category-insolite","tag-lumiere","tag-ombre"],"_links":{"self":[{"href":"https:\/\/alainlarivierephoto.com\/index.php?rest_route=\/wp\/v2\/posts\/9796","targetHints":{"allow":["GET"]}}],"collection":[{"href":"https:\/\/alainlarivierephoto.com\/index.php?rest_route=\/wp\/v2\/posts"}],"about":[{"href":"https:\/\/alainlarivierephoto.com\/index.php?rest_route=\/wp\/v2\/types\/post"}],"author":[{"embeddable":true,"href":"https:\/\/alainlarivierephoto.com\/index.php?rest_route=\/wp\/v2\/users\/1"}],"replies":[{"embeddable":true,"href":"https:\/\/alainlarivierephoto.com\/index.php?rest_route=%2Fwp%2Fv2%2Fcomments&post=9796"}],"version-history":[{"count":3,"href":"https:\/\/alainlarivierephoto.com\/index.php?rest_route=\/wp\/v2\/posts\/9796\/revisions"}],"predecessor-version":[{"id":13524,"href":"https:\/\/alainlarivierephoto.com\/index.php?rest_route=\/wp\/v2\/posts\/9796\/revisions\/13524"}],"wp:attachment":[{"href":"https:\/\/alainlarivierephoto.com\/index.php?rest_route=%2Fwp%2Fv2%2Fmedia&parent=9796"}],"wp:term":[{"taxonomy":"category","embeddable":true,"href":"https:\/\/alainlarivierephoto.com\/index.php?rest_route=%2Fwp%2Fv2%2Fcategories&post=9796"},{"taxonomy":"post_tag","embeddable":true,"href":"https:\/\/alainlarivierephoto.com\/index.php?rest_route=%2Fwp%2Fv2%2Ftags&post=9796"}],"curies":[{"name":"wp","href":"https:\/\/api.w.org\/{rel}","templated":true}]}}