{"id":9776,"date":"2017-08-22T00:05:55","date_gmt":"2017-08-21T22:05:55","guid":{"rendered":"https:\/\/alainlarivierephoto.com\/?p=9776"},"modified":"2017-07-26T22:12:33","modified_gmt":"2017-07-26T20:12:33","slug":"texture-vegetale-1","status":"publish","type":"post","link":"https:\/\/alainlarivierephoto.com\/?p=9776","title":{"rendered":"Texture v\u00e9g\u00e9tale"},"content":{"rendered":"<div id=\"attachment_9705\" style=\"width: 1290px\" class=\"wp-caption aligncenter\"><a href=\"https:\/\/alainlarivierephoto.com\/wp-content\/uploads\/2017\/07\/Texture-v\u00e9g\u00e9tale-01bE.jpg\"><img loading=\"lazy\" decoding=\"async\" aria-describedby=\"caption-attachment-9705\" class=\"size-full wp-image-9705 colorbox-9776\" src=\"https:\/\/alainlarivierephoto.com\/wp-content\/uploads\/2017\/07\/Texture-v\u00e9g\u00e9tale-01bE.jpg\" alt=\"Texture v\u00e9g\u00e9tale -1-\" width=\"1280\" height=\"830\" srcset=\"https:\/\/alainlarivierephoto.com\/wp-content\/uploads\/2017\/07\/Texture-v\u00e9g\u00e9tale-01bE.jpg 1280w, https:\/\/alainlarivierephoto.com\/wp-content\/uploads\/2017\/07\/Texture-v\u00e9g\u00e9tale-01bE-180x117.jpg 180w, https:\/\/alainlarivierephoto.com\/wp-content\/uploads\/2017\/07\/Texture-v\u00e9g\u00e9tale-01bE-300x195.jpg 300w, https:\/\/alainlarivierephoto.com\/wp-content\/uploads\/2017\/07\/Texture-v\u00e9g\u00e9tale-01bE-768x498.jpg 768w\" sizes=\"auto, (max-width: 1280px) 100vw, 1280px\" \/><\/a><p id=\"caption-attachment-9705\" class=\"wp-caption-text\">Texture v\u00e9g\u00e9tale<\/p><\/div>\n<p>&nbsp;<\/p>\n<p>Composition v\u00e9g\u00e9tale avec Gramin\u00e9es et Rumex (Oseille sauvage) o\u00f9 la lumi\u00e8re met en valeur la texture des v\u00e9g\u00e9taux.<\/p>\n","protected":false},"excerpt":{"rendered":"<p>&nbsp; Composition v\u00e9g\u00e9tale avec Gramin\u00e9es et Rumex (Oseille sauvage) o\u00f9 la lumi\u00e8re met en valeur la texture des v\u00e9g\u00e9taux.<\/p>\n","protected":false},"author":1,"featured_media":0,"comment_status":"open","ping_status":"open","sticky":false,"template":"","format":"standard","meta":{"footnotes":"","_links_to":"","_links_to_target":""},"categories":[14,18],"tags":[73,76,75,74],"class_list":["post-9776","post","type-post","status-publish","format-standard","hentry","category-flore","category-textures-vegetales","tag-graminee","tag-oseille","tag-rumex","tag-texture-vegetale"],"_links":{"self":[{"href":"https:\/\/alainlarivierephoto.com\/index.php?rest_route=\/wp\/v2\/posts\/9776","targetHints":{"allow":["GET"]}}],"collection":[{"href":"https:\/\/alainlarivierephoto.com\/index.php?rest_route=\/wp\/v2\/posts"}],"about":[{"href":"https:\/\/alainlarivierephoto.com\/index.php?rest_route=\/wp\/v2\/types\/post"}],"author":[{"embeddable":true,"href":"https:\/\/alainlarivierephoto.com\/index.php?rest_route=\/wp\/v2\/users\/1"}],"replies":[{"embeddable":true,"href":"https:\/\/alainlarivierephoto.com\/index.php?rest_route=%2Fwp%2Fv2%2Fcomments&post=9776"}],"version-history":[{"count":2,"href":"https:\/\/alainlarivierephoto.com\/index.php?rest_route=\/wp\/v2\/posts\/9776\/revisions"}],"predecessor-version":[{"id":9778,"href":"https:\/\/alainlarivierephoto.com\/index.php?rest_route=\/wp\/v2\/posts\/9776\/revisions\/9778"}],"wp:attachment":[{"href":"https:\/\/alainlarivierephoto.com\/index.php?rest_route=%2Fwp%2Fv2%2Fmedia&parent=9776"}],"wp:term":[{"taxonomy":"category","embeddable":true,"href":"https:\/\/alainlarivierephoto.com\/index.php?rest_route=%2Fwp%2Fv2%2Fcategories&post=9776"},{"taxonomy":"post_tag","embeddable":true,"href":"https:\/\/alainlarivierephoto.com\/index.php?rest_route=%2Fwp%2Fv2%2Ftags&post=9776"}],"curies":[{"name":"wp","href":"https:\/\/api.w.org\/{rel}","templated":true}]}}