{"id":9737,"date":"2017-08-15T00:05:29","date_gmt":"2017-08-14T22:05:29","guid":{"rendered":"https:\/\/alainlarivierephoto.com\/?p=9737"},"modified":"2017-08-25T19:22:32","modified_gmt":"2017-08-25T17:22:32","slug":"crepuscule-nucleaire-32","status":"publish","type":"post","link":"https:\/\/alainlarivierephoto.com\/?p=9737","title":{"rendered":"Cr\u00e9puscule nucl\u00e9aire"},"content":{"rendered":"<div id=\"attachment_9564\" style=\"width: 1290px\" class=\"wp-caption aligncenter\"><a href=\"https:\/\/alainlarivierephoto.com\/wp-content\/uploads\/2017\/07\/Centrale-nucl\u00e9aire-32E.jpg\"><img loading=\"lazy\" decoding=\"async\" aria-describedby=\"caption-attachment-9564\" class=\"size-full wp-image-9564 colorbox-9737\" src=\"https:\/\/alainlarivierephoto.com\/wp-content\/uploads\/2017\/07\/Centrale-nucl\u00e9aire-32E.jpg\" alt=\"Cr\u00e9puscule nucl\u00e9aire -32-\" width=\"1280\" height=\"854\" srcset=\"https:\/\/alainlarivierephoto.com\/wp-content\/uploads\/2017\/07\/Centrale-nucl\u00e9aire-32E.jpg 1280w, https:\/\/alainlarivierephoto.com\/wp-content\/uploads\/2017\/07\/Centrale-nucl\u00e9aire-32E-180x120.jpg 180w, https:\/\/alainlarivierephoto.com\/wp-content\/uploads\/2017\/07\/Centrale-nucl\u00e9aire-32E-300x200.jpg 300w, https:\/\/alainlarivierephoto.com\/wp-content\/uploads\/2017\/07\/Centrale-nucl\u00e9aire-32E-768x512.jpg 768w\" sizes=\"auto, (max-width: 1280px) 100vw, 1280px\" \/><\/a><p id=\"caption-attachment-9564\" class=\"wp-caption-text\">Cr\u00e9puscule nucl\u00e9aire<\/p><\/div>\n<p>&nbsp;<\/p>\n<p>Centrale nucl\u00e9aire de Saint-Laurent-des-Eaux (Loir-et-Cher) en contre-jour.<\/p>\n<p>Photographies prises de la d\u00e9partementale D19 reliant Beaugency \u00e0 Lailly-en-Val (Loiret), en fin de journ\u00e9e.<br \/>\nDiff\u00e9rentes versions color\u00e9es et N&amp;B ont \u00e9t\u00e9 r\u00e9alis\u00e9es \u00e0 partir des clich\u00e9s originaux du bo\u00eetier.<\/p>\n","protected":false},"excerpt":{"rendered":"<p>&nbsp; Centrale nucl\u00e9aire de Saint-Laurent-des-Eaux (Loir-et-Cher) en contre-jour. Photographies prises de la d\u00e9partementale D19 reliant Beaugency \u00e0 Lailly-en-Val (Loiret), en fin de journ\u00e9e. Diff\u00e9rentes versions color\u00e9es et N&amp;B ont \u00e9t\u00e9 r\u00e9alis\u00e9es \u00e0 partir des clich\u00e9s originaux du bo\u00eetier.<\/p>\n","protected":false},"author":1,"featured_media":0,"comment_status":"open","ping_status":"open","sticky":false,"template":"","format":"standard","meta":{"footnotes":"","_links_to":"","_links_to_target":""},"categories":[5,17],"tags":[81,82],"class_list":["post-9737","post","type-post","status-publish","format-standard","hentry","category-ambiances-nocturnes","category-insolite","tag-centrale-nucleaire","tag-crepuscule"],"_links":{"self":[{"href":"https:\/\/alainlarivierephoto.com\/index.php?rest_route=\/wp\/v2\/posts\/9737","targetHints":{"allow":["GET"]}}],"collection":[{"href":"https:\/\/alainlarivierephoto.com\/index.php?rest_route=\/wp\/v2\/posts"}],"about":[{"href":"https:\/\/alainlarivierephoto.com\/index.php?rest_route=\/wp\/v2\/types\/post"}],"author":[{"embeddable":true,"href":"https:\/\/alainlarivierephoto.com\/index.php?rest_route=\/wp\/v2\/users\/1"}],"replies":[{"embeddable":true,"href":"https:\/\/alainlarivierephoto.com\/index.php?rest_route=%2Fwp%2Fv2%2Fcomments&post=9737"}],"version-history":[{"count":4,"href":"https:\/\/alainlarivierephoto.com\/index.php?rest_route=\/wp\/v2\/posts\/9737\/revisions"}],"predecessor-version":[{"id":10240,"href":"https:\/\/alainlarivierephoto.com\/index.php?rest_route=\/wp\/v2\/posts\/9737\/revisions\/10240"}],"wp:attachment":[{"href":"https:\/\/alainlarivierephoto.com\/index.php?rest_route=%2Fwp%2Fv2%2Fmedia&parent=9737"}],"wp:term":[{"taxonomy":"category","embeddable":true,"href":"https:\/\/alainlarivierephoto.com\/index.php?rest_route=%2Fwp%2Fv2%2Fcategories&post=9737"},{"taxonomy":"post_tag","embeddable":true,"href":"https:\/\/alainlarivierephoto.com\/index.php?rest_route=%2Fwp%2Fv2%2Ftags&post=9737"}],"curies":[{"name":"wp","href":"https:\/\/api.w.org\/{rel}","templated":true}]}}