{"id":9703,"date":"2017-08-11T00:05:07","date_gmt":"2017-08-10T22:05:07","guid":{"rendered":"https:\/\/alainlarivierephoto.com\/?p=9703"},"modified":"2017-07-25T11:19:00","modified_gmt":"2017-07-25T09:19:00","slug":"crepuscule-nucleaire-27","status":"publish","type":"post","link":"https:\/\/alainlarivierephoto.com\/?p=9703","title":{"rendered":"Cr\u00e9puscule nucl\u00e9aire"},"content":{"rendered":"<div id=\"attachment_9559\" style=\"width: 1290px\" class=\"wp-caption aligncenter\"><a href=\"https:\/\/alainlarivierephoto.com\/wp-content\/uploads\/2017\/07\/Centrale-nucl\u00e9aire-27E.jpg\"><img loading=\"lazy\" decoding=\"async\" aria-describedby=\"caption-attachment-9559\" class=\"size-full wp-image-9559 colorbox-9703\" src=\"https:\/\/alainlarivierephoto.com\/wp-content\/uploads\/2017\/07\/Centrale-nucl\u00e9aire-27E.jpg\" alt=\"Cr\u00e9puscule nucl\u00e9aire -27-\" width=\"1280\" height=\"854\" srcset=\"https:\/\/alainlarivierephoto.com\/wp-content\/uploads\/2017\/07\/Centrale-nucl\u00e9aire-27E.jpg 1280w, https:\/\/alainlarivierephoto.com\/wp-content\/uploads\/2017\/07\/Centrale-nucl\u00e9aire-27E-180x120.jpg 180w, https:\/\/alainlarivierephoto.com\/wp-content\/uploads\/2017\/07\/Centrale-nucl\u00e9aire-27E-300x200.jpg 300w, https:\/\/alainlarivierephoto.com\/wp-content\/uploads\/2017\/07\/Centrale-nucl\u00e9aire-27E-768x512.jpg 768w\" sizes=\"auto, (max-width: 1280px) 100vw, 1280px\" \/><\/a><p id=\"caption-attachment-9559\" class=\"wp-caption-text\">Cr\u00e9puscule nucl\u00e9aire<\/p>\n<p><\/p><\/div>\n<p>Centrale nucl\u00e9aire de Saint-Laurent-des-Eaux (Loir-et-Cher) en contre-jour.<\/p>\n<p>Photographies prises de la d\u00e9partementale D19 reliant Beaugency \u00e0 Lailly-en-Val (Loiret), en fin de journ\u00e9e.<br \/>\nDiff\u00e9rentes versions color\u00e9es et N&amp;B ont \u00e9t\u00e9 r\u00e9alis\u00e9es \u00e0 partir des clich\u00e9s originaux du bo\u00eetier.<\/p>\n<p>&nbsp;<\/p>\n<p>&nbsp;<\/p>\n","protected":false},"excerpt":{"rendered":"<p>Centrale nucl\u00e9aire de Saint-Laurent-des-Eaux (Loir-et-Cher) en contre-jour. Photographies prises de la d\u00e9partementale D19 reliant Beaugency \u00e0 Lailly-en-Val (Loiret), en fin de journ\u00e9e. Diff\u00e9rentes versions color\u00e9es et N&amp;B ont \u00e9t\u00e9 r\u00e9alis\u00e9es \u00e0 partir des clich\u00e9s originaux du bo\u00eetier. &nbsp; &nbsp;<\/p>\n","protected":false},"author":1,"featured_media":0,"comment_status":"open","ping_status":"open","sticky":false,"template":"","format":"standard","meta":{"footnotes":"","_links_to":"","_links_to_target":""},"categories":[391,17],"tags":[81,82],"class_list":["post-9703","post","type-post","status-publish","format-standard","hentry","category-graphisme","category-insolite","tag-centrale-nucleaire","tag-crepuscule"],"_links":{"self":[{"href":"https:\/\/alainlarivierephoto.com\/index.php?rest_route=\/wp\/v2\/posts\/9703","targetHints":{"allow":["GET"]}}],"collection":[{"href":"https:\/\/alainlarivierephoto.com\/index.php?rest_route=\/wp\/v2\/posts"}],"about":[{"href":"https:\/\/alainlarivierephoto.com\/index.php?rest_route=\/wp\/v2\/types\/post"}],"author":[{"embeddable":true,"href":"https:\/\/alainlarivierephoto.com\/index.php?rest_route=\/wp\/v2\/users\/1"}],"replies":[{"embeddable":true,"href":"https:\/\/alainlarivierephoto.com\/index.php?rest_route=%2Fwp%2Fv2%2Fcomments&post=9703"}],"version-history":[{"count":1,"href":"https:\/\/alainlarivierephoto.com\/index.php?rest_route=\/wp\/v2\/posts\/9703\/revisions"}],"predecessor-version":[{"id":9704,"href":"https:\/\/alainlarivierephoto.com\/index.php?rest_route=\/wp\/v2\/posts\/9703\/revisions\/9704"}],"wp:attachment":[{"href":"https:\/\/alainlarivierephoto.com\/index.php?rest_route=%2Fwp%2Fv2%2Fmedia&parent=9703"}],"wp:term":[{"taxonomy":"category","embeddable":true,"href":"https:\/\/alainlarivierephoto.com\/index.php?rest_route=%2Fwp%2Fv2%2Fcategories&post=9703"},{"taxonomy":"post_tag","embeddable":true,"href":"https:\/\/alainlarivierephoto.com\/index.php?rest_route=%2Fwp%2Fv2%2Ftags&post=9703"}],"curies":[{"name":"wp","href":"https:\/\/api.w.org\/{rel}","templated":true}]}}