{"id":9627,"date":"2017-07-27T00:05:42","date_gmt":"2017-07-26T22:05:42","guid":{"rendered":"https:\/\/alainlarivierephoto.com\/?p=9627"},"modified":"2017-08-06T11:10:29","modified_gmt":"2017-08-06T09:10:29","slug":"corylus-avellana-le-noisetier-feuille-rongee-1","status":"publish","type":"post","link":"https:\/\/alainlarivierephoto.com\/?p=9627","title":{"rendered":"Corylus avellana, le Noisetier (feuille rong\u00e9e)"},"content":{"rendered":"<div id=\"attachment_9616\" style=\"width: 1290px\" class=\"wp-caption aligncenter\"><a href=\"https:\/\/alainlarivierephoto.com\/wp-content\/uploads\/2017\/07\/Corylus-avellana-01E.jpg\"><img loading=\"lazy\" decoding=\"async\" aria-describedby=\"caption-attachment-9616\" class=\"size-full wp-image-9616 colorbox-9627\" src=\"https:\/\/alainlarivierephoto.com\/wp-content\/uploads\/2017\/07\/Corylus-avellana-01E.jpg\" alt=\"Corylus avellana, le Noisetier (feuille rong\u00e9e) -1-\" width=\"1280\" height=\"853\" srcset=\"https:\/\/alainlarivierephoto.com\/wp-content\/uploads\/2017\/07\/Corylus-avellana-01E.jpg 1280w, https:\/\/alainlarivierephoto.com\/wp-content\/uploads\/2017\/07\/Corylus-avellana-01E-180x120.jpg 180w, https:\/\/alainlarivierephoto.com\/wp-content\/uploads\/2017\/07\/Corylus-avellana-01E-300x200.jpg 300w, https:\/\/alainlarivierephoto.com\/wp-content\/uploads\/2017\/07\/Corylus-avellana-01E-768x512.jpg 768w\" sizes=\"auto, (max-width: 1280px) 100vw, 1280px\" \/><\/a><p id=\"caption-attachment-9616\" class=\"wp-caption-text\">Corylus avellana, le Noisetier (feuille rong\u00e9e)<\/p><\/div>\n<p>&nbsp;<\/p>\n<p>R\u00e8gne\u00a0: Plantae.<br \/>\nSous-r\u00e8gne\u00a0: Tracheobionta.<br \/>\nDivision\u00a0: Magnoliophyta.<br \/>\nClasse\u00a0: Magnoliopsida.<br \/>\nOrdre\u00a0: Fagales.<br \/>\nFamille\u00a0: Betulaceae.<br \/>\nGenre\u00a0: <em>Corylus<\/em>.<\/p>\n<p>Nom scientifique : <em>Corylus avellana<\/em> Linn\u00e9, 1753.<br \/>\nNom(s) commun(s) : Noisetier ; Coudrier.<\/p>\n<p style=\"text-align: justify;\">Le Noisetier commun (<em>Corylus avellana<\/em>) est un arbuste \u00e0 feuillage caduc de la famille des Corylac\u00e9es (Corylaceae) ou B\u00e9tulac\u00e9es (Betulaceae) suivant les classifications.<br \/>\nLes fleurs apparaissent avant les feuilles. La floraison a lieu de janvier \u00e0 mars selon les esp\u00e8ces et les r\u00e9gions. Les fleurs m\u00e2les forment des \u00e9pis pendants (les chatons) de 6 cm ; les fleurs femelles, minuscules, forment des \u00e9pis dress\u00e9s \u00e0 l\u2019aspect de bourgeon, avec des styles rouge\u00e2tres. Les feuilles sont arrondies, dent\u00e9es, duveteuses et effil\u00e9es \u00e0 la pointe. Le fruit est un ak\u00e8ne (fruit \u00e0 une seule graine) riche en huile nomm\u00e9 commun\u00e9ment noisette. La r\u00e9colte a lieu de septembre \u00e0 octobre.<br \/>\nLe Noisetier \u00e9tant autost\u00e9rile (protandrie) il faut qu\u2019il y en ait d\u2019autres \u00e0 proximit\u00e9 pour que l\u2019arbre porte des fruits. Le Noisetier est rustique et s\u2019accommode de tous les climats et de tous les terrains. Naturellement on le trouve le plus souvent en lisi\u00e8re de bois, dans les taillis et les haies. Il est cultiv\u00e9 dans de nombreux pays pour ses fruits. Les racines du Noisetier d\u00e9veloppent une symbiose avec des champignons, dont la truffe. Ses branches souples servent aux sourciers pour rechercher la pr\u00e9sence d\u2019eau. Cette esp\u00e8ce peut vivre jusqu\u2019\u00e0 60 ans.<br \/>\nLes feuilles du Noisetier sont souvent attaqu\u00e9es par des insectes phytophages qui les transforment en dentelle.<\/p>\n","protected":false},"excerpt":{"rendered":"<p>&nbsp; R\u00e8gne\u00a0: Plantae. Sous-r\u00e8gne\u00a0: Tracheobionta. Division\u00a0: Magnoliophyta. Classe\u00a0: Magnoliopsida. Ordre\u00a0: Fagales. Famille\u00a0: Betulaceae. Genre\u00a0: Corylus. Nom scientifique : Corylus avellana Linn\u00e9, 1753. Nom(s) commun(s) : Noisetier ; Coudrier. Le Noisetier commun (Corylus avellana) est un arbuste \u00e0 feuillage caduc de la famille des Corylac\u00e9es (Corylaceae) ou B\u00e9tulac\u00e9es (Betulaceae) suivant les classifications. Les fleurs apparaissent avant [&hellip;]<\/p>\n","protected":false},"author":1,"featured_media":0,"comment_status":"open","ping_status":"open","sticky":false,"template":"","format":"standard","meta":{"footnotes":"","_links_to":"","_links_to_target":""},"categories":[14,391,18],"tags":[33,855,746,744,743,745],"class_list":["post-9627","post","type-post","status-publish","format-standard","hentry","category-flore","category-graphisme","category-textures-vegetales","tag-arbre","tag-corylaceae","tag-corylacee","tag-corylus-avellana","tag-feuille","tag-noisetier"],"_links":{"self":[{"href":"https:\/\/alainlarivierephoto.com\/index.php?rest_route=\/wp\/v2\/posts\/9627","targetHints":{"allow":["GET"]}}],"collection":[{"href":"https:\/\/alainlarivierephoto.com\/index.php?rest_route=\/wp\/v2\/posts"}],"about":[{"href":"https:\/\/alainlarivierephoto.com\/index.php?rest_route=\/wp\/v2\/types\/post"}],"author":[{"embeddable":true,"href":"https:\/\/alainlarivierephoto.com\/index.php?rest_route=\/wp\/v2\/users\/1"}],"replies":[{"embeddable":true,"href":"https:\/\/alainlarivierephoto.com\/index.php?rest_route=%2Fwp%2Fv2%2Fcomments&post=9627"}],"version-history":[{"count":4,"href":"https:\/\/alainlarivierephoto.com\/index.php?rest_route=\/wp\/v2\/posts\/9627\/revisions"}],"predecessor-version":[{"id":9838,"href":"https:\/\/alainlarivierephoto.com\/index.php?rest_route=\/wp\/v2\/posts\/9627\/revisions\/9838"}],"wp:attachment":[{"href":"https:\/\/alainlarivierephoto.com\/index.php?rest_route=%2Fwp%2Fv2%2Fmedia&parent=9627"}],"wp:term":[{"taxonomy":"category","embeddable":true,"href":"https:\/\/alainlarivierephoto.com\/index.php?rest_route=%2Fwp%2Fv2%2Fcategories&post=9627"},{"taxonomy":"post_tag","embeddable":true,"href":"https:\/\/alainlarivierephoto.com\/index.php?rest_route=%2Fwp%2Fv2%2Ftags&post=9627"}],"curies":[{"name":"wp","href":"https:\/\/api.w.org\/{rel}","templated":true}]}}