{"id":9520,"date":"2017-07-08T00:05:44","date_gmt":"2017-07-07T22:05:44","guid":{"rendered":"https:\/\/alainlarivierephoto.com\/?p=9520"},"modified":"2017-06-30T12:00:04","modified_gmt":"2017-06-30T10:00:04","slug":"reflets-et-jeux-de-lumiere-sur-un-miroir-deau-5","status":"publish","type":"post","link":"https:\/\/alainlarivierephoto.com\/?p=9520","title":{"rendered":"Reflets et jeux de lumi\u00e8re sur un miroir d&rsquo;eau"},"content":{"rendered":"<div id=\"attachment_9305\" style=\"width: 1290px\" class=\"wp-caption aligncenter\"><a href=\"https:\/\/alainlarivierephoto.com\/wp-content\/uploads\/2017\/06\/Reflets-et-jeux-de-lumi\u00e8re-sur-miroir-deau-64E.jpg\"><img loading=\"lazy\" decoding=\"async\" aria-describedby=\"caption-attachment-9305\" class=\"size-full wp-image-9305 colorbox-9520\" src=\"https:\/\/alainlarivierephoto.com\/wp-content\/uploads\/2017\/06\/Reflets-et-jeux-de-lumi\u00e8re-sur-miroir-deau-64E.jpg\" alt=\"Reflets et jeux de lumi\u00e8re sur un miroir d'eau -5-\" width=\"1280\" height=\"851\" srcset=\"https:\/\/alainlarivierephoto.com\/wp-content\/uploads\/2017\/06\/Reflets-et-jeux-de-lumi\u00e8re-sur-miroir-deau-64E.jpg 1280w, https:\/\/alainlarivierephoto.com\/wp-content\/uploads\/2017\/06\/Reflets-et-jeux-de-lumi\u00e8re-sur-miroir-deau-64E-180x120.jpg 180w, https:\/\/alainlarivierephoto.com\/wp-content\/uploads\/2017\/06\/Reflets-et-jeux-de-lumi\u00e8re-sur-miroir-deau-64E-300x199.jpg 300w, https:\/\/alainlarivierephoto.com\/wp-content\/uploads\/2017\/06\/Reflets-et-jeux-de-lumi\u00e8re-sur-miroir-deau-64E-768x511.jpg 768w\" sizes=\"auto, (max-width: 1280px) 100vw, 1280px\" \/><\/a><p id=\"caption-attachment-9305\" class=\"wp-caption-text\">Reflets et jeux de lumi\u00e8re sur un miroir d&rsquo;eau<\/p><\/div>\n<p>&nbsp;<\/p>\n<p>La lumi\u00e8re de fin d\u2019apr\u00e8s-midi et l\u2019action conjugu\u00e9e du vent composent des images picturales entre r\u00e9alit\u00e9 et abstraction.<\/p>\n","protected":false},"excerpt":{"rendered":"<p>&nbsp; La lumi\u00e8re de fin d\u2019apr\u00e8s-midi et l\u2019action conjugu\u00e9e du vent composent des images picturales entre r\u00e9alit\u00e9 et abstraction.<\/p>\n","protected":false},"author":1,"featured_media":0,"comment_status":"open","ping_status":"open","sticky":false,"template":"","format":"standard","meta":{"footnotes":"","_links_to":"","_links_to_target":""},"categories":[391,77],"tags":[79,734,649,741],"class_list":["post-9520","post","type-post","status-publish","format-standard","hentry","category-graphisme","category-reflets","tag-eau","tag-lumiere","tag-miroir","tag-reflet"],"_links":{"self":[{"href":"https:\/\/alainlarivierephoto.com\/index.php?rest_route=\/wp\/v2\/posts\/9520","targetHints":{"allow":["GET"]}}],"collection":[{"href":"https:\/\/alainlarivierephoto.com\/index.php?rest_route=\/wp\/v2\/posts"}],"about":[{"href":"https:\/\/alainlarivierephoto.com\/index.php?rest_route=\/wp\/v2\/types\/post"}],"author":[{"embeddable":true,"href":"https:\/\/alainlarivierephoto.com\/index.php?rest_route=\/wp\/v2\/users\/1"}],"replies":[{"embeddable":true,"href":"https:\/\/alainlarivierephoto.com\/index.php?rest_route=%2Fwp%2Fv2%2Fcomments&post=9520"}],"version-history":[{"count":2,"href":"https:\/\/alainlarivierephoto.com\/index.php?rest_route=\/wp\/v2\/posts\/9520\/revisions"}],"predecessor-version":[{"id":9522,"href":"https:\/\/alainlarivierephoto.com\/index.php?rest_route=\/wp\/v2\/posts\/9520\/revisions\/9522"}],"wp:attachment":[{"href":"https:\/\/alainlarivierephoto.com\/index.php?rest_route=%2Fwp%2Fv2%2Fmedia&parent=9520"}],"wp:term":[{"taxonomy":"category","embeddable":true,"href":"https:\/\/alainlarivierephoto.com\/index.php?rest_route=%2Fwp%2Fv2%2Fcategories&post=9520"},{"taxonomy":"post_tag","embeddable":true,"href":"https:\/\/alainlarivierephoto.com\/index.php?rest_route=%2Fwp%2Fv2%2Ftags&post=9520"}],"curies":[{"name":"wp","href":"https:\/\/api.w.org\/{rel}","templated":true}]}}