{"id":9341,"date":"2017-06-19T00:05:39","date_gmt":"2017-06-18T22:05:39","guid":{"rendered":"https:\/\/alainlarivierephoto.com\/?p=9341"},"modified":"2017-06-25T23:00:23","modified_gmt":"2017-06-25T21:00:23","slug":"reflets-et-jeux-de-lumiere-sur-un-miroir-deau-1","status":"publish","type":"post","link":"https:\/\/alainlarivierephoto.com\/?p=9341","title":{"rendered":"Reflets et jeux de lumi\u00e8re sur un miroir d&rsquo;eau"},"content":{"rendered":"<div id=\"attachment_9301\" style=\"width: 1290px\" class=\"wp-caption aligncenter\"><a href=\"https:\/\/alainlarivierephoto.com\/wp-content\/uploads\/2017\/06\/Reflets-et-jeux-de-lumi\u00e8re-sur-miroir-deau-60E.jpg\"><img loading=\"lazy\" decoding=\"async\" aria-describedby=\"caption-attachment-9301\" class=\"size-full wp-image-9301 colorbox-9341\" src=\"https:\/\/alainlarivierephoto.com\/wp-content\/uploads\/2017\/06\/Reflets-et-jeux-de-lumi\u00e8re-sur-miroir-deau-60E.jpg\" alt=\"Reflets et jeux de lumi\u00e8re sur un miroir d'eau -1-\" width=\"1280\" height=\"851\" srcset=\"https:\/\/alainlarivierephoto.com\/wp-content\/uploads\/2017\/06\/Reflets-et-jeux-de-lumi\u00e8re-sur-miroir-deau-60E.jpg 1280w, https:\/\/alainlarivierephoto.com\/wp-content\/uploads\/2017\/06\/Reflets-et-jeux-de-lumi\u00e8re-sur-miroir-deau-60E-180x120.jpg 180w, https:\/\/alainlarivierephoto.com\/wp-content\/uploads\/2017\/06\/Reflets-et-jeux-de-lumi\u00e8re-sur-miroir-deau-60E-300x199.jpg 300w, https:\/\/alainlarivierephoto.com\/wp-content\/uploads\/2017\/06\/Reflets-et-jeux-de-lumi\u00e8re-sur-miroir-deau-60E-768x511.jpg 768w\" sizes=\"auto, (max-width: 1280px) 100vw, 1280px\" \/><\/a><p id=\"caption-attachment-9301\" class=\"wp-caption-text\">Reflets et jeux de lumi\u00e8re sur un miroir d&rsquo;eau<\/p><\/div>\n<p>&nbsp;<\/p>\n<p>La lumi\u00e8re de fin d\u2019apr\u00e8s-midi et l\u2019action conjugu\u00e9e du vent composent des images picturales entre r\u00e9alit\u00e9 et abstraction.<\/p>\n","protected":false},"excerpt":{"rendered":"<p>&nbsp; La lumi\u00e8re de fin d\u2019apr\u00e8s-midi et l\u2019action conjugu\u00e9e du vent composent des images picturales entre r\u00e9alit\u00e9 et abstraction.<\/p>\n","protected":false},"author":1,"featured_media":0,"comment_status":"open","ping_status":"open","sticky":false,"template":"","format":"standard","meta":{"footnotes":"","_links_to":"","_links_to_target":""},"categories":[77],"tags":[79,734,649,741],"class_list":["post-9341","post","type-post","status-publish","format-standard","hentry","category-reflets","tag-eau","tag-lumiere","tag-miroir","tag-reflet"],"_links":{"self":[{"href":"https:\/\/alainlarivierephoto.com\/index.php?rest_route=\/wp\/v2\/posts\/9341","targetHints":{"allow":["GET"]}}],"collection":[{"href":"https:\/\/alainlarivierephoto.com\/index.php?rest_route=\/wp\/v2\/posts"}],"about":[{"href":"https:\/\/alainlarivierephoto.com\/index.php?rest_route=\/wp\/v2\/types\/post"}],"author":[{"embeddable":true,"href":"https:\/\/alainlarivierephoto.com\/index.php?rest_route=\/wp\/v2\/users\/1"}],"replies":[{"embeddable":true,"href":"https:\/\/alainlarivierephoto.com\/index.php?rest_route=%2Fwp%2Fv2%2Fcomments&post=9341"}],"version-history":[{"count":6,"href":"https:\/\/alainlarivierephoto.com\/index.php?rest_route=\/wp\/v2\/posts\/9341\/revisions"}],"predecessor-version":[{"id":9462,"href":"https:\/\/alainlarivierephoto.com\/index.php?rest_route=\/wp\/v2\/posts\/9341\/revisions\/9462"}],"wp:attachment":[{"href":"https:\/\/alainlarivierephoto.com\/index.php?rest_route=%2Fwp%2Fv2%2Fmedia&parent=9341"}],"wp:term":[{"taxonomy":"category","embeddable":true,"href":"https:\/\/alainlarivierephoto.com\/index.php?rest_route=%2Fwp%2Fv2%2Fcategories&post=9341"},{"taxonomy":"post_tag","embeddable":true,"href":"https:\/\/alainlarivierephoto.com\/index.php?rest_route=%2Fwp%2Fv2%2Ftags&post=9341"}],"curies":[{"name":"wp","href":"https:\/\/api.w.org\/{rel}","templated":true}]}}