{"id":9240,"date":"2017-06-16T00:05:05","date_gmt":"2017-06-15T22:05:05","guid":{"rendered":"https:\/\/alainlarivierephoto.com\/?p=9240"},"modified":"2017-06-27T22:55:36","modified_gmt":"2017-06-27T20:55:36","slug":"le-masque-6","status":"publish","type":"post","link":"https:\/\/alainlarivierephoto.com\/?p=9240","title":{"rendered":"Le masque"},"content":{"rendered":"<div id=\"attachment_9202\" style=\"width: 863px\" class=\"wp-caption aligncenter\"><a href=\"https:\/\/alainlarivierephoto.com\/wp-content\/uploads\/2017\/06\/Le-masque-03ER.jpg\"><img loading=\"lazy\" decoding=\"async\" aria-describedby=\"caption-attachment-9202\" class=\"size-full wp-image-9202 colorbox-9240\" src=\"https:\/\/alainlarivierephoto.com\/wp-content\/uploads\/2017\/06\/Le-masque-03ER.jpg\" alt=\"Le masque -6-\" width=\"853\" height=\"1280\" \/><\/a><p id=\"caption-attachment-9202\" class=\"wp-caption-text\">Le masque<\/p><\/div>\n<p>&nbsp;<\/p>\n<p>Etude photographique sur le th\u00e8me du masque de carnaval qui peut s&rsquo;apparenter \u00e0 un masque mortuaire suivant la mani\u00e8re dont est trait\u00e9e l&rsquo;image.<\/p>\n","protected":false},"excerpt":{"rendered":"<p>&nbsp; Etude photographique sur le th\u00e8me du masque de carnaval qui peut s&rsquo;apparenter \u00e0 un masque mortuaire suivant la mani\u00e8re dont est trait\u00e9e l&rsquo;image.<\/p>\n","protected":false},"author":1,"featured_media":0,"comment_status":"open","ping_status":"open","sticky":false,"template":"","format":"standard","meta":{"footnotes":"","_links_to":"","_links_to_target":""},"categories":[17],"tags":[64],"class_list":["post-9240","post","type-post","status-publish","format-standard","hentry","category-insolite","tag-masque"],"_links":{"self":[{"href":"https:\/\/alainlarivierephoto.com\/index.php?rest_route=\/wp\/v2\/posts\/9240","targetHints":{"allow":["GET"]}}],"collection":[{"href":"https:\/\/alainlarivierephoto.com\/index.php?rest_route=\/wp\/v2\/posts"}],"about":[{"href":"https:\/\/alainlarivierephoto.com\/index.php?rest_route=\/wp\/v2\/types\/post"}],"author":[{"embeddable":true,"href":"https:\/\/alainlarivierephoto.com\/index.php?rest_route=\/wp\/v2\/users\/1"}],"replies":[{"embeddable":true,"href":"https:\/\/alainlarivierephoto.com\/index.php?rest_route=%2Fwp%2Fv2%2Fcomments&post=9240"}],"version-history":[{"count":2,"href":"https:\/\/alainlarivierephoto.com\/index.php?rest_route=\/wp\/v2\/posts\/9240\/revisions"}],"predecessor-version":[{"id":9445,"href":"https:\/\/alainlarivierephoto.com\/index.php?rest_route=\/wp\/v2\/posts\/9240\/revisions\/9445"}],"wp:attachment":[{"href":"https:\/\/alainlarivierephoto.com\/index.php?rest_route=%2Fwp%2Fv2%2Fmedia&parent=9240"}],"wp:term":[{"taxonomy":"category","embeddable":true,"href":"https:\/\/alainlarivierephoto.com\/index.php?rest_route=%2Fwp%2Fv2%2Fcategories&post=9240"},{"taxonomy":"post_tag","embeddable":true,"href":"https:\/\/alainlarivierephoto.com\/index.php?rest_route=%2Fwp%2Fv2%2Ftags&post=9240"}],"curies":[{"name":"wp","href":"https:\/\/api.w.org\/{rel}","templated":true}]}}