{"id":9221,"date":"2017-06-15T00:05:59","date_gmt":"2017-06-14T22:05:59","guid":{"rendered":"https:\/\/alainlarivierephoto.com\/?p=9221"},"modified":"2017-06-27T22:37:40","modified_gmt":"2017-06-27T20:37:40","slug":"le-masque-apres-le-carnaval-2","status":"publish","type":"post","link":"https:\/\/alainlarivierephoto.com\/?p=9221","title":{"rendered":"Le masque : Apr\u00e8s le carnaval"},"content":{"rendered":"<div id=\"attachment_9198\" style=\"width: 1290px\" class=\"wp-caption aligncenter\"><a href=\"https:\/\/alainlarivierephoto.com\/wp-content\/uploads\/2017\/06\/Le-masque-01ER.jpg\"><img loading=\"lazy\" decoding=\"async\" aria-describedby=\"caption-attachment-9198\" class=\"size-full wp-image-9198 colorbox-9221\" src=\"https:\/\/alainlarivierephoto.com\/wp-content\/uploads\/2017\/06\/Le-masque-01ER.jpg\" alt=\"Le masque -2-\" width=\"1280\" height=\"853\" \/><\/a><p id=\"caption-attachment-9198\" class=\"wp-caption-text\">Le masque : Apr\u00e8s le carnaval<\/p><\/div>\n<p>&nbsp;<\/p>\n<p>Masque de carnaval tomb\u00e9 au sol et oubli\u00e9 apr\u00e8s le passage des carnavaliers.<\/p>\n","protected":false},"excerpt":{"rendered":"<p>&nbsp; Masque de carnaval tomb\u00e9 au sol et oubli\u00e9 apr\u00e8s le passage des carnavaliers.<\/p>\n","protected":false},"author":1,"featured_media":0,"comment_status":"open","ping_status":"open","sticky":false,"template":"","format":"standard","meta":{"footnotes":"","_links_to":"","_links_to_target":""},"categories":[17],"tags":[65,64],"class_list":["post-9221","post","type-post","status-publish","format-standard","hentry","category-insolite","tag-carnaval","tag-masque"],"_links":{"self":[{"href":"https:\/\/alainlarivierephoto.com\/index.php?rest_route=\/wp\/v2\/posts\/9221","targetHints":{"allow":["GET"]}}],"collection":[{"href":"https:\/\/alainlarivierephoto.com\/index.php?rest_route=\/wp\/v2\/posts"}],"about":[{"href":"https:\/\/alainlarivierephoto.com\/index.php?rest_route=\/wp\/v2\/types\/post"}],"author":[{"embeddable":true,"href":"https:\/\/alainlarivierephoto.com\/index.php?rest_route=\/wp\/v2\/users\/1"}],"replies":[{"embeddable":true,"href":"https:\/\/alainlarivierephoto.com\/index.php?rest_route=%2Fwp%2Fv2%2Fcomments&post=9221"}],"version-history":[{"count":6,"href":"https:\/\/alainlarivierephoto.com\/index.php?rest_route=\/wp\/v2\/posts\/9221\/revisions"}],"predecessor-version":[{"id":9460,"href":"https:\/\/alainlarivierephoto.com\/index.php?rest_route=\/wp\/v2\/posts\/9221\/revisions\/9460"}],"wp:attachment":[{"href":"https:\/\/alainlarivierephoto.com\/index.php?rest_route=%2Fwp%2Fv2%2Fmedia&parent=9221"}],"wp:term":[{"taxonomy":"category","embeddable":true,"href":"https:\/\/alainlarivierephoto.com\/index.php?rest_route=%2Fwp%2Fv2%2Fcategories&post=9221"},{"taxonomy":"post_tag","embeddable":true,"href":"https:\/\/alainlarivierephoto.com\/index.php?rest_route=%2Fwp%2Fv2%2Ftags&post=9221"}],"curies":[{"name":"wp","href":"https:\/\/api.w.org\/{rel}","templated":true}]}}