{"id":19133,"date":"2025-05-12T00:05:26","date_gmt":"2025-05-11T22:05:26","guid":{"rendered":"https:\/\/alainlarivierephoto.com\/?p=19133"},"modified":"2025-05-12T10:26:50","modified_gmt":"2025-05-12T08:26:50","slug":"les-tombes-de-loubli-deux-familles-a-chacune-son-christ-60","status":"publish","type":"post","link":"https:\/\/alainlarivierephoto.com\/?p=19133","title":{"rendered":"Les tombes de l&rsquo;oubli : Deux familles, \u00e0 chacune son christ"},"content":{"rendered":"<div id=\"attachment_18981\" style=\"width: 780px\" class=\"wp-caption aligncenter\"><img loading=\"lazy\" decoding=\"async\" aria-describedby=\"caption-attachment-18981\" class=\"size-full wp-image-18981 colorbox-19133\" src=\"https:\/\/alainlarivierephoto.com\/wp-content\/uploads\/2025\/02\/Deux-familles-a-chacune-son-Christ-01E.jpg\" alt=\"Les tombes de l'oubli : Deux familles, \u00e0 chacune son christ -60-\" width=\"770\" height=\"1280\" srcset=\"https:\/\/alainlarivierephoto.com\/wp-content\/uploads\/2025\/02\/Deux-familles-a-chacune-son-Christ-01E.jpg 770w, https:\/\/alainlarivierephoto.com\/wp-content\/uploads\/2025\/02\/Deux-familles-a-chacune-son-Christ-01E-180x300.jpg 180w, https:\/\/alainlarivierephoto.com\/wp-content\/uploads\/2025\/02\/Deux-familles-a-chacune-son-Christ-01E-108x180.jpg 108w, https:\/\/alainlarivierephoto.com\/wp-content\/uploads\/2025\/02\/Deux-familles-a-chacune-son-Christ-01E-768x1277.jpg 768w\" sizes=\"auto, (max-width: 770px) 100vw, 770px\" \/><p id=\"caption-attachment-18981\" class=\"wp-caption-text\">Les tombes de l&rsquo;oubli : Deux familles, \u00e0 chacune son christ<\/p><\/div>\n<p>&nbsp;<\/p>\n<p>Les tombes de l&rsquo;oubli<\/p>\n<p>Reportage sur les s\u00e9pultures abandonn\u00e9es et le th\u00e8me de l&rsquo;oubli.<br \/>\nLe travail photographique montre des tombes abandonn\u00e9es, d\u00e9labr\u00e9es, o\u00f9 m\u00eame la notion de concession perp\u00e9tuelle n&rsquo;a plus cours pour les plus anciennes. A ces s\u00e9pultures on ne peut dissocier la notion d&rsquo;oubli, d&rsquo;o\u00f9 le titre de la s\u00e9rie.<br \/>\nApr\u00e8s la disparition physique des d\u00e9funts vient celle de leur identit\u00e9 qui, sur de nombreuses tombes, ou ce qu&rsquo;il en reste, n&rsquo;apparait plus. Alors il n&rsquo;y a plus trace du passage des personnes sur terre : c&rsquo;est l&rsquo;oubli \u00e0 perp\u00e9tuit\u00e9.<br \/>\nL&rsquo;\u00e9ternit\u00e9 des \u00e2mes errantes.<br \/>\n\u00ab La mort, si nous voulons nommer ainsi cette irr\u00e9alit\u00e9, est la chose la plus redoutable. \u00bb<br \/>\nHegel, La Ph\u00e9nom\u00e9nologie de l&rsquo;Esprit, 1807.<br \/>\nQu&rsquo;est-ce donc qu&rsquo;oublier si ce n&rsquo;est pas mourir ?<br \/>\nMusset (Alfred de)<\/p>\n","protected":false},"excerpt":{"rendered":"<p>&nbsp; Les tombes de l&rsquo;oubli Reportage sur les s\u00e9pultures abandonn\u00e9es et le th\u00e8me de l&rsquo;oubli. Le travail photographique montre des tombes abandonn\u00e9es, d\u00e9labr\u00e9es, o\u00f9 m\u00eame la notion de concession perp\u00e9tuelle n&rsquo;a plus cours pour les plus anciennes. A ces s\u00e9pultures on ne peut dissocier la notion d&rsquo;oubli, d&rsquo;o\u00f9 le titre de la s\u00e9rie. Apr\u00e8s la [&hellip;]<\/p>\n","protected":false},"author":1,"featured_media":0,"comment_status":"open","ping_status":"open","sticky":false,"template":"","format":"standard","meta":{"footnotes":"","_links_to":"","_links_to_target":""},"categories":[12,271],"tags":[766,765,764],"class_list":["post-19133","post","type-post","status-publish","format-standard","hentry","category-les-tombes-de-l-oubli","category-reportages","tag-cimetiere","tag-sepulture","tag-tombe"],"_links":{"self":[{"href":"https:\/\/alainlarivierephoto.com\/index.php?rest_route=\/wp\/v2\/posts\/19133","targetHints":{"allow":["GET"]}}],"collection":[{"href":"https:\/\/alainlarivierephoto.com\/index.php?rest_route=\/wp\/v2\/posts"}],"about":[{"href":"https:\/\/alainlarivierephoto.com\/index.php?rest_route=\/wp\/v2\/types\/post"}],"author":[{"embeddable":true,"href":"https:\/\/alainlarivierephoto.com\/index.php?rest_route=\/wp\/v2\/users\/1"}],"replies":[{"embeddable":true,"href":"https:\/\/alainlarivierephoto.com\/index.php?rest_route=%2Fwp%2Fv2%2Fcomments&post=19133"}],"version-history":[{"count":4,"href":"https:\/\/alainlarivierephoto.com\/index.php?rest_route=\/wp\/v2\/posts\/19133\/revisions"}],"predecessor-version":[{"id":19137,"href":"https:\/\/alainlarivierephoto.com\/index.php?rest_route=\/wp\/v2\/posts\/19133\/revisions\/19137"}],"wp:attachment":[{"href":"https:\/\/alainlarivierephoto.com\/index.php?rest_route=%2Fwp%2Fv2%2Fmedia&parent=19133"}],"wp:term":[{"taxonomy":"category","embeddable":true,"href":"https:\/\/alainlarivierephoto.com\/index.php?rest_route=%2Fwp%2Fv2%2Fcategories&post=19133"},{"taxonomy":"post_tag","embeddable":true,"href":"https:\/\/alainlarivierephoto.com\/index.php?rest_route=%2Fwp%2Fv2%2Ftags&post=19133"}],"curies":[{"name":"wp","href":"https:\/\/api.w.org\/{rel}","templated":true}]}}