{"id":18851,"date":"2024-02-17T00:19:09","date_gmt":"2024-02-16T23:19:09","guid":{"rendered":"https:\/\/alainlarivierephoto.com\/?p=18851"},"modified":"2024-05-31T17:19:46","modified_gmt":"2024-05-31T15:19:46","slug":"concert-gcm-au-zenith-dorleans-14-02-2024-12","status":"publish","type":"post","link":"https:\/\/alainlarivierephoto.com\/?p=18851","title":{"rendered":"Concert GCM au Z\u00e9nith d&rsquo;Orl\u00e9ans 14-02-2024"},"content":{"rendered":"<div id=\"attachment_18850\" style=\"width: 1290px\" class=\"wp-caption aligncenter\"><img loading=\"lazy\" decoding=\"async\" aria-describedby=\"caption-attachment-18850\" class=\"size-full wp-image-18850 colorbox-18851\" src=\"https:\/\/alainlarivierephoto.com\/wp-content\/uploads\/2024\/02\/Concert-GCM-Zenith-dOrleans-14-02-2024-12E.jpg\" alt=\"Concert GCM au Z\u00e9nith d'Orl\u00e9ans 14-02-2024\" width=\"1280\" height=\"854\" srcset=\"https:\/\/alainlarivierephoto.com\/wp-content\/uploads\/2024\/02\/Concert-GCM-Zenith-dOrleans-14-02-2024-12E.jpg 1280w, https:\/\/alainlarivierephoto.com\/wp-content\/uploads\/2024\/02\/Concert-GCM-Zenith-dOrleans-14-02-2024-12E-300x200.jpg 300w, https:\/\/alainlarivierephoto.com\/wp-content\/uploads\/2024\/02\/Concert-GCM-Zenith-dOrleans-14-02-2024-12E-180x120.jpg 180w, https:\/\/alainlarivierephoto.com\/wp-content\/uploads\/2024\/02\/Concert-GCM-Zenith-dOrleans-14-02-2024-12E-768x512.jpg 768w\" sizes=\"auto, (max-width: 1280px) 100vw, 1280px\" \/><p id=\"caption-attachment-18850\" class=\"wp-caption-text\">Concert GCM au Z\u00e9nith d&rsquo;Orl\u00e9ans 14-02-2024<\/p><\/div>\n<p>&nbsp;<\/p>\n<p>Concert GCM au Z\u00e9nith d&rsquo;Orl\u00e9ans 14-02-2024<\/p>\n<p>Fabien Marsaud, dit Grand Corps Malade, n\u00e9 le 31 juillet 1977 au Blanc-Mesnil (Seine-Saint-Denis), est un slameur, po\u00e8te, auteur-compositeur-interpr\u00e8te et r\u00e9alisateur fran\u00e7ais. En 2005, il acquiert la notori\u00e9t\u00e9 et \u00e9largit son r\u00e9pertoire de slameur.<\/p>\n","protected":false},"excerpt":{"rendered":"<p>&nbsp; Concert GCM au Z\u00e9nith d&rsquo;Orl\u00e9ans 14-02-2024 Fabien Marsaud, dit Grand Corps Malade, n\u00e9 le 31 juillet 1977 au Blanc-Mesnil (Seine-Saint-Denis), est un slameur, po\u00e8te, auteur-compositeur-interpr\u00e8te et r\u00e9alisateur fran\u00e7ais. En 2005, il acquiert la notori\u00e9t\u00e9 et \u00e9largit son r\u00e9pertoire de slameur.<\/p>\n","protected":false},"author":1,"featured_media":0,"comment_status":"open","ping_status":"open","sticky":false,"template":"","format":"standard","meta":{"footnotes":"","_links_to":"","_links_to_target":""},"categories":[391,40,310],"tags":[104,1195,1194,1197,1196],"class_list":["post-18851","post","type-post","status-publish","format-standard","hentry","category-graphisme","category-personnages","category-spectacles","tag-concert","tag-fabien-marsaud","tag-gcm","tag-slam","tag-slameur"],"_links":{"self":[{"href":"https:\/\/alainlarivierephoto.com\/index.php?rest_route=\/wp\/v2\/posts\/18851","targetHints":{"allow":["GET"]}}],"collection":[{"href":"https:\/\/alainlarivierephoto.com\/index.php?rest_route=\/wp\/v2\/posts"}],"about":[{"href":"https:\/\/alainlarivierephoto.com\/index.php?rest_route=\/wp\/v2\/types\/post"}],"author":[{"embeddable":true,"href":"https:\/\/alainlarivierephoto.com\/index.php?rest_route=\/wp\/v2\/users\/1"}],"replies":[{"embeddable":true,"href":"https:\/\/alainlarivierephoto.com\/index.php?rest_route=%2Fwp%2Fv2%2Fcomments&post=18851"}],"version-history":[{"count":2,"href":"https:\/\/alainlarivierephoto.com\/index.php?rest_route=\/wp\/v2\/posts\/18851\/revisions"}],"predecessor-version":[{"id":18853,"href":"https:\/\/alainlarivierephoto.com\/index.php?rest_route=\/wp\/v2\/posts\/18851\/revisions\/18853"}],"wp:attachment":[{"href":"https:\/\/alainlarivierephoto.com\/index.php?rest_route=%2Fwp%2Fv2%2Fmedia&parent=18851"}],"wp:term":[{"taxonomy":"category","embeddable":true,"href":"https:\/\/alainlarivierephoto.com\/index.php?rest_route=%2Fwp%2Fv2%2Fcategories&post=18851"},{"taxonomy":"post_tag","embeddable":true,"href":"https:\/\/alainlarivierephoto.com\/index.php?rest_route=%2Fwp%2Fv2%2Ftags&post=18851"}],"curies":[{"name":"wp","href":"https:\/\/api.w.org\/{rel}","templated":true}]}}