{"id":18294,"date":"2022-10-17T00:05:28","date_gmt":"2022-10-16T22:05:28","guid":{"rendered":"https:\/\/alainlarivierephoto.com\/?p=18294"},"modified":"2022-10-16T22:46:42","modified_gmt":"2022-10-16T20:46:42","slug":"architecture-avant-gardiste-1nb","status":"publish","type":"post","link":"https:\/\/alainlarivierephoto.com\/?p=18294","title":{"rendered":"Architecture avant-gardiste"},"content":{"rendered":"<div id=\"attachment_18247\" style=\"width: 1290px\" class=\"wp-caption aligncenter\"><img loading=\"lazy\" decoding=\"async\" aria-describedby=\"caption-attachment-18247\" class=\"size-full wp-image-18247 colorbox-18294\" src=\"https:\/\/alainlarivierephoto.com\/wp-content\/uploads\/2022\/10\/Architecture-avant-gardiste-01E_NB.jpg\" alt=\"Architecture avant-gardiste -1N&amp;B-\" width=\"1280\" height=\"854\" srcset=\"https:\/\/alainlarivierephoto.com\/wp-content\/uploads\/2022\/10\/Architecture-avant-gardiste-01E_NB.jpg 1280w, https:\/\/alainlarivierephoto.com\/wp-content\/uploads\/2022\/10\/Architecture-avant-gardiste-01E_NB-300x200.jpg 300w, https:\/\/alainlarivierephoto.com\/wp-content\/uploads\/2022\/10\/Architecture-avant-gardiste-01E_NB-180x120.jpg 180w, https:\/\/alainlarivierephoto.com\/wp-content\/uploads\/2022\/10\/Architecture-avant-gardiste-01E_NB-768x512.jpg 768w\" sizes=\"auto, (max-width: 1280px) 100vw, 1280px\" \/><p id=\"caption-attachment-18247\" class=\"wp-caption-text\">Architecture avant-gardiste<\/p><\/div>\n<p>&nbsp;<\/p>\n<p>\u200bArchitecture avant-gardiste CO&rsquo;MET<\/p>\n<p style=\"text-align: justify;\">CO\u2019MET est un complexe unique regroupant 4\u00a0structures majeures :<br \/>\n\u2022 l\u2019un des plus grands\u00a0Palais\u00a0des Congr\u00e8s\u00a0de France pour le d\u00e9veloppement du tourisme d\u2019affaires avec un\u00a0auditorium\u00a0de 1 000 places\u00a0et\u00a0800 m\u00b2\u00a0de salles de commission\u00a0;<br \/>\n\u2022 une\u00a0Ar\u00e9na\u00a0de 10 000 places\u00a0pour les \u00e9v\u00e8nements sportifs ou culturels\u00a0;<br \/>\n\u2022 un nouveau\u00a0Parc des Expositions\u00a0de 16 000m\u00b2\u00a0;<br \/>\n\u2022 Le\u00a0Z\u00e9nith d&rsquo;Orl\u00e9ans, voisin imm\u00e9diat, d&rsquo;une capacit\u00e9 de 5 000 places assises.<br \/>\nEn ext\u00e9rieur,\u00a0l\u2019habillage de CO\u2019MET est r\u00e9alis\u00e9 en t\u00f4les d\u2019aluminium perfor\u00e9es (20 000 m\u00b2 de r\u00e9silles). Le b\u00e2timent est envelopp\u00e9 d\u2019une r\u00e9sille LED lumineuse con\u00e7ue par l\u2019artiste Yann Kersal\u00e9.<br \/>\nL\u2019ensemble architectural est situ\u00e9 rue du Pr\u00e9sident Robert Schuman ZA des Mont\u00e9es \u00e0 Orl\u00e9ans.<\/p>\n<p style=\"text-align: justify;\">C\u2019est l\u2019architecture ultra contemporaine qui a attir\u00e9 mon regard de photographe et m\u2019a d\u00e9cid\u00e9 \u00e0 r\u00e9aliser cette s\u00e9rie de clich\u00e9s.<\/p>\n<p style=\"text-align: justify;\">Liens pour plus d\u2019infos\u00a0:<br \/>\n<a href=\"https:\/\/www.orleans-metropole.fr\/urbanisme-habitat\/projets-urbains\/centre-orleans-metropole-comet\">https:\/\/www.orleans-metropole.fr\/urbanisme-habitat\/projets-urbains\/centre-orleans-metropole-comet<\/a><br \/>\n<a href=\"https:\/\/www.convention-orleansmetropole.com\/comet-le-nouveau-complexe-quatre-en-un\">https:\/\/www.convention-orleansmetropole.com\/comet-le-nouveau-complexe-quatre-en-un<\/a><br \/>\n<a href=\"https:\/\/www.youtube.com\/watch?v=eQ6D5vuemWE\">https:\/\/www.youtube.com\/watch?v=eQ6D5vuemWE<\/a><\/p>\n","protected":false},"excerpt":{"rendered":"<p>&nbsp; \u200bArchitecture avant-gardiste CO&rsquo;MET CO\u2019MET est un complexe unique regroupant 4\u00a0structures majeures : \u2022 l\u2019un des plus grands\u00a0Palais\u00a0des Congr\u00e8s\u00a0de France pour le d\u00e9veloppement du tourisme d\u2019affaires avec un\u00a0auditorium\u00a0de 1 000 places\u00a0et\u00a0800 m\u00b2\u00a0de salles de commission\u00a0; \u2022 une\u00a0Ar\u00e9na\u00a0de 10 000 places\u00a0pour les \u00e9v\u00e8nements sportifs ou culturels\u00a0; \u2022 un nouveau\u00a0Parc des Expositions\u00a0de 16 000m\u00b2\u00a0; \u2022 Le\u00a0Z\u00e9nith d&rsquo;Orl\u00e9ans, [&hellip;]<\/p>\n","protected":false},"author":1,"featured_media":0,"comment_status":"open","ping_status":"open","sticky":false,"template":"","format":"standard","meta":{"footnotes":"","_links_to":"","_links_to_target":""},"categories":[687,391],"tags":[791,1144,1145],"class_list":["post-18294","post","type-post","status-publish","format-standard","hentry","category-architecture","category-graphisme","tag-architecture","tag-comet","tag-orleans"],"_links":{"self":[{"href":"https:\/\/alainlarivierephoto.com\/index.php?rest_route=\/wp\/v2\/posts\/18294","targetHints":{"allow":["GET"]}}],"collection":[{"href":"https:\/\/alainlarivierephoto.com\/index.php?rest_route=\/wp\/v2\/posts"}],"about":[{"href":"https:\/\/alainlarivierephoto.com\/index.php?rest_route=\/wp\/v2\/types\/post"}],"author":[{"embeddable":true,"href":"https:\/\/alainlarivierephoto.com\/index.php?rest_route=\/wp\/v2\/users\/1"}],"replies":[{"embeddable":true,"href":"https:\/\/alainlarivierephoto.com\/index.php?rest_route=%2Fwp%2Fv2%2Fcomments&post=18294"}],"version-history":[{"count":5,"href":"https:\/\/alainlarivierephoto.com\/index.php?rest_route=\/wp\/v2\/posts\/18294\/revisions"}],"predecessor-version":[{"id":18299,"href":"https:\/\/alainlarivierephoto.com\/index.php?rest_route=\/wp\/v2\/posts\/18294\/revisions\/18299"}],"wp:attachment":[{"href":"https:\/\/alainlarivierephoto.com\/index.php?rest_route=%2Fwp%2Fv2%2Fmedia&parent=18294"}],"wp:term":[{"taxonomy":"category","embeddable":true,"href":"https:\/\/alainlarivierephoto.com\/index.php?rest_route=%2Fwp%2Fv2%2Fcategories&post=18294"},{"taxonomy":"post_tag","embeddable":true,"href":"https:\/\/alainlarivierephoto.com\/index.php?rest_route=%2Fwp%2Fv2%2Ftags&post=18294"}],"curies":[{"name":"wp","href":"https:\/\/api.w.org\/{rel}","templated":true}]}}