{"id":18228,"date":"2022-07-08T00:05:19","date_gmt":"2022-07-07T22:05:19","guid":{"rendered":"https:\/\/alainlarivierephoto.com\/?p=18228"},"modified":"2022-07-07T22:23:29","modified_gmt":"2022-07-07T20:23:29","slug":"phoenicurus-ochruros-le-rougequeue-noir-forme-juvenile","status":"publish","type":"post","link":"https:\/\/alainlarivierephoto.com\/?p=18228","title":{"rendered":"Phoenicurus ochruros, le Rougequeue noir (forme juv\u00e9nile)"},"content":{"rendered":"<div id=\"attachment_18227\" style=\"width: 1290px\" class=\"wp-caption aligncenter\"><img loading=\"lazy\" decoding=\"async\" aria-describedby=\"caption-attachment-18227\" class=\"size-full wp-image-18227 colorbox-18228\" src=\"https:\/\/alainlarivierephoto.com\/wp-content\/uploads\/2022\/07\/Phoenicurus-ochruros-le-Rougequeue-noir-01ER.jpg\" alt=\"Phoenicurus ochruros, le Rougequeue noir (forme juv\u00e9nile)\" width=\"1280\" height=\"797\" srcset=\"https:\/\/alainlarivierephoto.com\/wp-content\/uploads\/2022\/07\/Phoenicurus-ochruros-le-Rougequeue-noir-01ER.jpg 1280w, https:\/\/alainlarivierephoto.com\/wp-content\/uploads\/2022\/07\/Phoenicurus-ochruros-le-Rougequeue-noir-01ER-300x187.jpg 300w, https:\/\/alainlarivierephoto.com\/wp-content\/uploads\/2022\/07\/Phoenicurus-ochruros-le-Rougequeue-noir-01ER-180x112.jpg 180w, https:\/\/alainlarivierephoto.com\/wp-content\/uploads\/2022\/07\/Phoenicurus-ochruros-le-Rougequeue-noir-01ER-768x478.jpg 768w\" sizes=\"auto, (max-width: 1280px) 100vw, 1280px\" \/><p id=\"caption-attachment-18227\" class=\"wp-caption-text\"><em>Phoenicurus ochruros<\/em>, le Rougequeue noir (forme juv\u00e9nile)<\/p><\/div>\n<p>&nbsp;<\/p>\n<p><em>Phoenicurus ochruros<\/em>, le Rougequeue noir (forme juv\u00e9nile)<\/p>\n<p style=\"text-align: justify;\">Le Rougequeue noir appartient \u00e0 l&rsquo;ordre des Pass\u00e9riformes, famille des Muscicapid\u00e9s.<br \/>\nTaille : 14 cm. Les deux sexes, \u00e0 tout \u00e2ge (y compris les juv\u00e9niles, ont la queue tremblante et de couleur roux orang\u00e9.<br \/>\nHabitat : on le rencontre en montagne \u00e0 haute altitude, dans les \u00e9difices des villes. L&rsquo;esp\u00e8ce niche dans les trous des murs, rochers.<\/p>\n","protected":false},"excerpt":{"rendered":"<p>&nbsp; Phoenicurus ochruros, le Rougequeue noir (forme juv\u00e9nile) Le Rougequeue noir appartient \u00e0 l&rsquo;ordre des Pass\u00e9riformes, famille des Muscicapid\u00e9s. Taille : 14 cm. Les deux sexes, \u00e0 tout \u00e2ge (y compris les juv\u00e9niles, ont la queue tremblante et de couleur roux orang\u00e9. Habitat : on le rencontre en montagne \u00e0 haute altitude, dans les \u00e9difices [&hellip;]<\/p>\n","protected":false},"author":1,"featured_media":0,"comment_status":"open","ping_status":"open","sticky":false,"template":"","format":"standard","meta":{"footnotes":"","_links_to":"","_links_to_target":""},"categories":[6,203],"tags":[1142],"class_list":["post-18228","post","type-post","status-publish","format-standard","hentry","category-faune","category-oiseaux","tag-rougequeue-noir-phoenicurus-ochruros-passeriforme-muscicapide-oiseau"],"_links":{"self":[{"href":"https:\/\/alainlarivierephoto.com\/index.php?rest_route=\/wp\/v2\/posts\/18228","targetHints":{"allow":["GET"]}}],"collection":[{"href":"https:\/\/alainlarivierephoto.com\/index.php?rest_route=\/wp\/v2\/posts"}],"about":[{"href":"https:\/\/alainlarivierephoto.com\/index.php?rest_route=\/wp\/v2\/types\/post"}],"author":[{"embeddable":true,"href":"https:\/\/alainlarivierephoto.com\/index.php?rest_route=\/wp\/v2\/users\/1"}],"replies":[{"embeddable":true,"href":"https:\/\/alainlarivierephoto.com\/index.php?rest_route=%2Fwp%2Fv2%2Fcomments&post=18228"}],"version-history":[{"count":3,"href":"https:\/\/alainlarivierephoto.com\/index.php?rest_route=\/wp\/v2\/posts\/18228\/revisions"}],"predecessor-version":[{"id":18231,"href":"https:\/\/alainlarivierephoto.com\/index.php?rest_route=\/wp\/v2\/posts\/18228\/revisions\/18231"}],"wp:attachment":[{"href":"https:\/\/alainlarivierephoto.com\/index.php?rest_route=%2Fwp%2Fv2%2Fmedia&parent=18228"}],"wp:term":[{"taxonomy":"category","embeddable":true,"href":"https:\/\/alainlarivierephoto.com\/index.php?rest_route=%2Fwp%2Fv2%2Fcategories&post=18228"},{"taxonomy":"post_tag","embeddable":true,"href":"https:\/\/alainlarivierephoto.com\/index.php?rest_route=%2Fwp%2Fv2%2Ftags&post=18228"}],"curies":[{"name":"wp","href":"https:\/\/api.w.org\/{rel}","templated":true}]}}