{"id":18201,"date":"2022-05-24T00:05:16","date_gmt":"2022-05-23T22:05:16","guid":{"rendered":"https:\/\/alainlarivierephoto.com\/?p=18201"},"modified":"2022-05-23T17:16:29","modified_gmt":"2022-05-23T15:16:29","slug":"trafic-aerien","status":"publish","type":"post","link":"https:\/\/alainlarivierephoto.com\/?p=18201","title":{"rendered":"Trafic a\u00e9rien"},"content":{"rendered":"<div id=\"attachment_18200\" style=\"width: 1290px\" class=\"wp-caption aligncenter\"><img loading=\"lazy\" decoding=\"async\" aria-describedby=\"caption-attachment-18200\" class=\"size-full wp-image-18200 colorbox-18201\" src=\"https:\/\/alainlarivierephoto.com\/wp-content\/uploads\/2022\/05\/Trafic-aerien-01E_compo.jpg\" alt=\"Trafic a\u00e9rien\" width=\"1280\" height=\"725\" srcset=\"https:\/\/alainlarivierephoto.com\/wp-content\/uploads\/2022\/05\/Trafic-aerien-01E_compo.jpg 1280w, https:\/\/alainlarivierephoto.com\/wp-content\/uploads\/2022\/05\/Trafic-aerien-01E_compo-300x170.jpg 300w, https:\/\/alainlarivierephoto.com\/wp-content\/uploads\/2022\/05\/Trafic-aerien-01E_compo-180x102.jpg 180w, https:\/\/alainlarivierephoto.com\/wp-content\/uploads\/2022\/05\/Trafic-aerien-01E_compo-768x435.jpg 768w\" sizes=\"auto, (max-width: 1280px) 100vw, 1280px\" \/><p id=\"caption-attachment-18200\" class=\"wp-caption-text\">Trafic a\u00e9rien<\/p><\/div>\n<p>&nbsp;<\/p>\n<p>En voyant passer de nombreux avions au dessus de ma t\u00eate, j&rsquo;ai eu l&rsquo;id\u00e9e de cette composition en associant plusieurs passages d&rsquo;a\u00e9ronefs sur un fond de ciel bleu.<\/p>\n","protected":false},"excerpt":{"rendered":"<p>&nbsp; En voyant passer de nombreux avions au dessus de ma t\u00eate, j&rsquo;ai eu l&rsquo;id\u00e9e de cette composition en associant plusieurs passages d&rsquo;a\u00e9ronefs sur un fond de ciel bleu.<\/p>\n","protected":false},"author":1,"featured_media":0,"comment_status":"open","ping_status":"open","sticky":false,"template":"","format":"standard","meta":{"footnotes":"","_links_to":"","_links_to_target":""},"categories":[391],"tags":[1138,1139,1137],"class_list":["post-18201","post","type-post","status-publish","format-standard","hentry","category-graphisme","tag-avion","tag-cielbleutrainee","tag-trafic-aerien"],"_links":{"self":[{"href":"https:\/\/alainlarivierephoto.com\/index.php?rest_route=\/wp\/v2\/posts\/18201","targetHints":{"allow":["GET"]}}],"collection":[{"href":"https:\/\/alainlarivierephoto.com\/index.php?rest_route=\/wp\/v2\/posts"}],"about":[{"href":"https:\/\/alainlarivierephoto.com\/index.php?rest_route=\/wp\/v2\/types\/post"}],"author":[{"embeddable":true,"href":"https:\/\/alainlarivierephoto.com\/index.php?rest_route=\/wp\/v2\/users\/1"}],"replies":[{"embeddable":true,"href":"https:\/\/alainlarivierephoto.com\/index.php?rest_route=%2Fwp%2Fv2%2Fcomments&post=18201"}],"version-history":[{"count":2,"href":"https:\/\/alainlarivierephoto.com\/index.php?rest_route=\/wp\/v2\/posts\/18201\/revisions"}],"predecessor-version":[{"id":18203,"href":"https:\/\/alainlarivierephoto.com\/index.php?rest_route=\/wp\/v2\/posts\/18201\/revisions\/18203"}],"wp:attachment":[{"href":"https:\/\/alainlarivierephoto.com\/index.php?rest_route=%2Fwp%2Fv2%2Fmedia&parent=18201"}],"wp:term":[{"taxonomy":"category","embeddable":true,"href":"https:\/\/alainlarivierephoto.com\/index.php?rest_route=%2Fwp%2Fv2%2Fcategories&post=18201"},{"taxonomy":"post_tag","embeddable":true,"href":"https:\/\/alainlarivierephoto.com\/index.php?rest_route=%2Fwp%2Fv2%2Ftags&post=18201"}],"curies":[{"name":"wp","href":"https:\/\/api.w.org\/{rel}","templated":true}]}}