{"id":18157,"date":"2022-03-07T00:05:18","date_gmt":"2022-03-06T23:05:18","guid":{"rendered":"https:\/\/alainlarivierephoto.com\/?p=18157"},"modified":"2022-03-02T21:39:48","modified_gmt":"2022-03-02T20:39:48","slug":"encre-crepusculaire","status":"publish","type":"post","link":"https:\/\/alainlarivierephoto.com\/?p=18157","title":{"rendered":"Encre cr\u00e9pusculaire"},"content":{"rendered":"<div id=\"attachment_18148\" style=\"width: 824px\" class=\"wp-caption aligncenter\"><img loading=\"lazy\" decoding=\"async\" aria-describedby=\"caption-attachment-18148\" class=\"size-full wp-image-18148 colorbox-18157\" src=\"https:\/\/alainlarivierephoto.com\/wp-content\/uploads\/2022\/03\/Encre-crepusculaire-01E.jpg\" alt=\"Encre cr\u00e9pusculaire\" width=\"814\" height=\"1280\" srcset=\"https:\/\/alainlarivierephoto.com\/wp-content\/uploads\/2022\/03\/Encre-crepusculaire-01E.jpg 814w, https:\/\/alainlarivierephoto.com\/wp-content\/uploads\/2022\/03\/Encre-crepusculaire-01E-191x300.jpg 191w, https:\/\/alainlarivierephoto.com\/wp-content\/uploads\/2022\/03\/Encre-crepusculaire-01E-114x180.jpg 114w, https:\/\/alainlarivierephoto.com\/wp-content\/uploads\/2022\/03\/Encre-crepusculaire-01E-768x1208.jpg 768w\" sizes=\"auto, (max-width: 814px) 100vw, 814px\" \/><p id=\"caption-attachment-18148\" class=\"wp-caption-text\">Encre cr\u00e9pusculaire<\/p><\/div>\n<p>&nbsp;<\/p>\n<p>Encre cr\u00e9pusculaire<\/p>\n<p>L&rsquo;automne a chass\u00e9 l&rsquo;\u00e9t\u00e9, pr\u00e9parant l&rsquo;hiver. Les arbre se sont d\u00e9pouill\u00e9s de leur parure de belle saison comme s&rsquo;ils voulaient offrir \u00e0 leurs membres engourdis la maigre chaleur que leur dispense un p\u00e2le soleil.<br \/>\nL&rsquo;effet de contre-jour silhouette le d\u00e9pouillement des arbres et apporte un effet graphique \u00e0 la sc\u00e8ne.<\/p>\n","protected":false},"excerpt":{"rendered":"<p>&nbsp; Encre cr\u00e9pusculaire L&rsquo;automne a chass\u00e9 l&rsquo;\u00e9t\u00e9, pr\u00e9parant l&rsquo;hiver. Les arbre se sont d\u00e9pouill\u00e9s de leur parure de belle saison comme s&rsquo;ils voulaient offrir \u00e0 leurs membres engourdis la maigre chaleur que leur dispense un p\u00e2le soleil. L&rsquo;effet de contre-jour silhouette le d\u00e9pouillement des arbres et apporte un effet graphique \u00e0 la sc\u00e8ne.<\/p>\n","protected":false},"author":1,"featured_media":0,"comment_status":"open","ping_status":"open","sticky":false,"template":"","format":"standard","meta":{"footnotes":"","_links_to":"","_links_to_target":""},"categories":[5,391],"tags":[30,82,752,276],"class_list":["post-18157","post","type-post","status-publish","format-standard","hentry","category-ambiances-nocturnes","category-graphisme","tag-contre-jour","tag-crepuscule","tag-graphisme","tag-silhouette"],"_links":{"self":[{"href":"https:\/\/alainlarivierephoto.com\/index.php?rest_route=\/wp\/v2\/posts\/18157","targetHints":{"allow":["GET"]}}],"collection":[{"href":"https:\/\/alainlarivierephoto.com\/index.php?rest_route=\/wp\/v2\/posts"}],"about":[{"href":"https:\/\/alainlarivierephoto.com\/index.php?rest_route=\/wp\/v2\/types\/post"}],"author":[{"embeddable":true,"href":"https:\/\/alainlarivierephoto.com\/index.php?rest_route=\/wp\/v2\/users\/1"}],"replies":[{"embeddable":true,"href":"https:\/\/alainlarivierephoto.com\/index.php?rest_route=%2Fwp%2Fv2%2Fcomments&post=18157"}],"version-history":[{"count":2,"href":"https:\/\/alainlarivierephoto.com\/index.php?rest_route=\/wp\/v2\/posts\/18157\/revisions"}],"predecessor-version":[{"id":18159,"href":"https:\/\/alainlarivierephoto.com\/index.php?rest_route=\/wp\/v2\/posts\/18157\/revisions\/18159"}],"wp:attachment":[{"href":"https:\/\/alainlarivierephoto.com\/index.php?rest_route=%2Fwp%2Fv2%2Fmedia&parent=18157"}],"wp:term":[{"taxonomy":"category","embeddable":true,"href":"https:\/\/alainlarivierephoto.com\/index.php?rest_route=%2Fwp%2Fv2%2Fcategories&post=18157"},{"taxonomy":"post_tag","embeddable":true,"href":"https:\/\/alainlarivierephoto.com\/index.php?rest_route=%2Fwp%2Fv2%2Ftags&post=18157"}],"curies":[{"name":"wp","href":"https:\/\/api.w.org\/{rel}","templated":true}]}}