{"id":17618,"date":"2021-10-15T00:05:21","date_gmt":"2021-10-14T22:05:21","guid":{"rendered":"https:\/\/alainlarivierephoto.com\/?p=17618"},"modified":"2021-10-07T22:00:49","modified_gmt":"2021-10-07T20:00:49","slug":"la-fantasmagorie-des-lampadaires-3","status":"publish","type":"post","link":"https:\/\/alainlarivierephoto.com\/?p=17618","title":{"rendered":"La fantasmagorie des lampadaires"},"content":{"rendered":"<div id=\"attachment_17571\" style=\"width: 1290px\" class=\"wp-caption aligncenter\"><img loading=\"lazy\" decoding=\"async\" aria-describedby=\"caption-attachment-17571\" class=\"size-full wp-image-17571 colorbox-17618\" src=\"https:\/\/alainlarivierephoto.com\/wp-content\/uploads\/2021\/10\/La-fantasmagorie-des-lampadaires-03E.jpg\" alt=\"La fantasmagorie des lampadaires -3-\" width=\"1280\" height=\"885\" srcset=\"https:\/\/alainlarivierephoto.com\/wp-content\/uploads\/2021\/10\/La-fantasmagorie-des-lampadaires-03E.jpg 1280w, https:\/\/alainlarivierephoto.com\/wp-content\/uploads\/2021\/10\/La-fantasmagorie-des-lampadaires-03E-300x207.jpg 300w, https:\/\/alainlarivierephoto.com\/wp-content\/uploads\/2021\/10\/La-fantasmagorie-des-lampadaires-03E-180x124.jpg 180w, https:\/\/alainlarivierephoto.com\/wp-content\/uploads\/2021\/10\/La-fantasmagorie-des-lampadaires-03E-768x531.jpg 768w\" sizes=\"auto, (max-width: 1280px) 100vw, 1280px\" \/><p id=\"caption-attachment-17571\" class=\"wp-caption-text\">La fantasmagorie des lampadaires<\/p><\/div>\n<p>&nbsp;<\/p>\n<p>La fantasmagorie des lampadaires<\/p>\n<p>A la nuit tomb\u00e9e les lampadaires projettent leur lumi\u00e8re fantasmagorique sur ce qui les entoure. La lumi\u00e8re restitue aux objets la profondeur et les couleurs qui \u00e9taient masqu\u00e9es par l\u2019obscurit\u00e9.<\/p>\n","protected":false},"excerpt":{"rendered":"<p>&nbsp; La fantasmagorie des lampadaires A la nuit tomb\u00e9e les lampadaires projettent leur lumi\u00e8re fantasmagorique sur ce qui les entoure. La lumi\u00e8re restitue aux objets la profondeur et les couleurs qui \u00e9taient masqu\u00e9es par l\u2019obscurit\u00e9.<\/p>\n","protected":false},"author":1,"featured_media":0,"comment_status":"open","ping_status":"open","sticky":false,"template":"","format":"standard","meta":{"footnotes":"","_links_to":"","_links_to_target":""},"categories":[5,391],"tags":[1126,1127,776],"class_list":["post-17618","post","type-post","status-publish","format-standard","hentry","category-ambiances-nocturnes","category-graphisme","tag-lampadaire","tag-lumiere-nocturne","tag-nuit"],"_links":{"self":[{"href":"https:\/\/alainlarivierephoto.com\/index.php?rest_route=\/wp\/v2\/posts\/17618","targetHints":{"allow":["GET"]}}],"collection":[{"href":"https:\/\/alainlarivierephoto.com\/index.php?rest_route=\/wp\/v2\/posts"}],"about":[{"href":"https:\/\/alainlarivierephoto.com\/index.php?rest_route=\/wp\/v2\/types\/post"}],"author":[{"embeddable":true,"href":"https:\/\/alainlarivierephoto.com\/index.php?rest_route=\/wp\/v2\/users\/1"}],"replies":[{"embeddable":true,"href":"https:\/\/alainlarivierephoto.com\/index.php?rest_route=%2Fwp%2Fv2%2Fcomments&post=17618"}],"version-history":[{"count":3,"href":"https:\/\/alainlarivierephoto.com\/index.php?rest_route=\/wp\/v2\/posts\/17618\/revisions"}],"predecessor-version":[{"id":17621,"href":"https:\/\/alainlarivierephoto.com\/index.php?rest_route=\/wp\/v2\/posts\/17618\/revisions\/17621"}],"wp:attachment":[{"href":"https:\/\/alainlarivierephoto.com\/index.php?rest_route=%2Fwp%2Fv2%2Fmedia&parent=17618"}],"wp:term":[{"taxonomy":"category","embeddable":true,"href":"https:\/\/alainlarivierephoto.com\/index.php?rest_route=%2Fwp%2Fv2%2Fcategories&post=17618"},{"taxonomy":"post_tag","embeddable":true,"href":"https:\/\/alainlarivierephoto.com\/index.php?rest_route=%2Fwp%2Fv2%2Ftags&post=17618"}],"curies":[{"name":"wp","href":"https:\/\/api.w.org\/{rel}","templated":true}]}}