{"id":17590,"date":"2021-10-08T00:05:37","date_gmt":"2021-10-07T22:05:37","guid":{"rendered":"https:\/\/alainlarivierephoto.com\/?p=17590"},"modified":"2021-10-07T21:57:50","modified_gmt":"2021-10-07T19:57:50","slug":"la-fantasmagorie-des-lampadaires-1v","status":"publish","type":"post","link":"https:\/\/alainlarivierephoto.com\/?p=17590","title":{"rendered":"La fantasmagorie des lampadaires"},"content":{"rendered":"<div id=\"attachment_17567\" style=\"width: 1290px\" class=\"wp-caption aligncenter\"><img loading=\"lazy\" decoding=\"async\" aria-describedby=\"caption-attachment-17567\" class=\"wp-image-17567 size-full colorbox-17590\" src=\"https:\/\/alainlarivierephoto.com\/wp-content\/uploads\/2021\/10\/La-fantasmagorie-des-lampadaires-01E_vignetage.jpg\" alt=\"La fantasmagorie des lampadaires\" width=\"1280\" height=\"854\" srcset=\"https:\/\/alainlarivierephoto.com\/wp-content\/uploads\/2021\/10\/La-fantasmagorie-des-lampadaires-01E_vignetage.jpg 1280w, https:\/\/alainlarivierephoto.com\/wp-content\/uploads\/2021\/10\/La-fantasmagorie-des-lampadaires-01E_vignetage-300x200.jpg 300w, https:\/\/alainlarivierephoto.com\/wp-content\/uploads\/2021\/10\/La-fantasmagorie-des-lampadaires-01E_vignetage-180x120.jpg 180w, https:\/\/alainlarivierephoto.com\/wp-content\/uploads\/2021\/10\/La-fantasmagorie-des-lampadaires-01E_vignetage-768x512.jpg 768w\" sizes=\"auto, (max-width: 1280px) 100vw, 1280px\" \/><p id=\"caption-attachment-17567\" class=\"wp-caption-text\">La fantasmagorie des lampadaires<\/p><\/div>\n<p>&nbsp;<\/p>\n<p>La fantasmagorie des lampadaires A la nuit tomb\u00e9e les lampadaires projettent leur lumi\u00e8re fantasmagorique sur ce qui les entoure. La lumi\u00e8re restitue aux objets la profondeur et les couleurs qui \u00e9taient masqu\u00e9es par l\u2019obscurit\u00e9.<\/p>\n","protected":false},"excerpt":{"rendered":"<p>&nbsp; La fantasmagorie des lampadaires A la nuit tomb\u00e9e les lampadaires projettent leur lumi\u00e8re fantasmagorique sur ce qui les entoure. La lumi\u00e8re restitue aux objets la profondeur et les couleurs qui \u00e9taient masqu\u00e9es par l\u2019obscurit\u00e9.<\/p>\n","protected":false},"author":1,"featured_media":0,"comment_status":"open","ping_status":"open","sticky":false,"template":"","format":"standard","meta":{"footnotes":"","_links_to":"","_links_to_target":""},"categories":[5],"tags":[1126,1127,776],"class_list":["post-17590","post","type-post","status-publish","format-standard","hentry","category-ambiances-nocturnes","tag-lampadaire","tag-lumiere-nocturne","tag-nuit"],"_links":{"self":[{"href":"https:\/\/alainlarivierephoto.com\/index.php?rest_route=\/wp\/v2\/posts\/17590","targetHints":{"allow":["GET"]}}],"collection":[{"href":"https:\/\/alainlarivierephoto.com\/index.php?rest_route=\/wp\/v2\/posts"}],"about":[{"href":"https:\/\/alainlarivierephoto.com\/index.php?rest_route=\/wp\/v2\/types\/post"}],"author":[{"embeddable":true,"href":"https:\/\/alainlarivierephoto.com\/index.php?rest_route=\/wp\/v2\/users\/1"}],"replies":[{"embeddable":true,"href":"https:\/\/alainlarivierephoto.com\/index.php?rest_route=%2Fwp%2Fv2%2Fcomments&post=17590"}],"version-history":[{"count":4,"href":"https:\/\/alainlarivierephoto.com\/index.php?rest_route=\/wp\/v2\/posts\/17590\/revisions"}],"predecessor-version":[{"id":17610,"href":"https:\/\/alainlarivierephoto.com\/index.php?rest_route=\/wp\/v2\/posts\/17590\/revisions\/17610"}],"wp:attachment":[{"href":"https:\/\/alainlarivierephoto.com\/index.php?rest_route=%2Fwp%2Fv2%2Fmedia&parent=17590"}],"wp:term":[{"taxonomy":"category","embeddable":true,"href":"https:\/\/alainlarivierephoto.com\/index.php?rest_route=%2Fwp%2Fv2%2Fcategories&post=17590"},{"taxonomy":"post_tag","embeddable":true,"href":"https:\/\/alainlarivierephoto.com\/index.php?rest_route=%2Fwp%2Fv2%2Ftags&post=17590"}],"curies":[{"name":"wp","href":"https:\/\/api.w.org\/{rel}","templated":true}]}}