{"id":17019,"date":"2021-08-31T00:05:07","date_gmt":"2021-08-30T22:05:07","guid":{"rendered":"https:\/\/alainlarivierephoto.com\/?p=17019"},"modified":"2021-08-23T22:11:49","modified_gmt":"2021-08-23T20:11:49","slug":"les-grands-thermes-de-chatel-guyon-en-2012-rez-de-chaussee-33c-33nb","status":"publish","type":"post","link":"https:\/\/alainlarivierephoto.com\/?p=17019","title":{"rendered":"Les Grands Thermes de Ch\u00e2tel-Guyon en 2012 : Rez-de-chauss\u00e9e"},"content":{"rendered":"<div id=\"attachment_16716\" style=\"width: 1290px\" class=\"wp-caption aligncenter\"><img loading=\"lazy\" decoding=\"async\" aria-describedby=\"caption-attachment-16716\" class=\"size-full wp-image-16716 colorbox-17019\" src=\"https:\/\/alainlarivierephoto.com\/wp-content\/uploads\/2021\/08\/Les-Grands-Thermes-33E.jpg\" alt=\"Les Grands Thermes de Ch\u00e2tel-Guyon en 2012 : Rez-de-chauss\u00e9e -33C-\" width=\"1280\" height=\"851\" srcset=\"https:\/\/alainlarivierephoto.com\/wp-content\/uploads\/2021\/08\/Les-Grands-Thermes-33E.jpg 1280w, https:\/\/alainlarivierephoto.com\/wp-content\/uploads\/2021\/08\/Les-Grands-Thermes-33E-300x199.jpg 300w, https:\/\/alainlarivierephoto.com\/wp-content\/uploads\/2021\/08\/Les-Grands-Thermes-33E-180x120.jpg 180w, https:\/\/alainlarivierephoto.com\/wp-content\/uploads\/2021\/08\/Les-Grands-Thermes-33E-768x511.jpg 768w\" sizes=\"auto, (max-width: 1280px) 100vw, 1280px\" \/><p id=\"caption-attachment-16716\" class=\"wp-caption-text\">Les Grands Thermes de Ch\u00e2tel-Guyon en 2012 : Rez-de-chauss\u00e9e<\/p><\/div>\n<div id=\"attachment_16715\" style=\"width: 1290px\" class=\"wp-caption aligncenter\"><img loading=\"lazy\" decoding=\"async\" aria-describedby=\"caption-attachment-16715\" class=\"size-full wp-image-16715 colorbox-17019\" src=\"https:\/\/alainlarivierephoto.com\/wp-content\/uploads\/2021\/08\/Les-Grands-Thermes-33E_Silver-Efex-Pro-2-Filtre-gris.jpg\" alt=\"Les Grands Thermes de Ch\u00e2tel-Guyon en 2012 : Rez-de-chauss\u00e9e - 33N&amp;B-\" width=\"1280\" height=\"851\" srcset=\"https:\/\/alainlarivierephoto.com\/wp-content\/uploads\/2021\/08\/Les-Grands-Thermes-33E_Silver-Efex-Pro-2-Filtre-gris.jpg 1280w, https:\/\/alainlarivierephoto.com\/wp-content\/uploads\/2021\/08\/Les-Grands-Thermes-33E_Silver-Efex-Pro-2-Filtre-gris-300x199.jpg 300w, https:\/\/alainlarivierephoto.com\/wp-content\/uploads\/2021\/08\/Les-Grands-Thermes-33E_Silver-Efex-Pro-2-Filtre-gris-180x120.jpg 180w, https:\/\/alainlarivierephoto.com\/wp-content\/uploads\/2021\/08\/Les-Grands-Thermes-33E_Silver-Efex-Pro-2-Filtre-gris-768x511.jpg 768w\" sizes=\"auto, (max-width: 1280px) 100vw, 1280px\" \/><p id=\"caption-attachment-16715\" class=\"wp-caption-text\">Les Grands Thermes de Ch\u00e2tel-Guyon en 2012 : Rez-de-chauss\u00e9e<\/p><\/div>\n<p>&nbsp;<\/p>\n<h4 style=\"text-align: justify;\"><span style=\"color: #999999;\">Les Grands Thermes de Ch\u00e2tel-Guyon, Puy-de-D\u00f4me, France.<\/span><\/h4>\n<p>&nbsp;<\/p>\n<h4><span style=\"color: #999999;\">Les Grands Thermes de Ch\u00e2tel-Guyon en 2012 : Rez-de-chauss\u00e9e<\/span><\/h4>\n<p>Ayant eu le privil\u00e8ge de parcourir les Grands Thermes de Ch\u00e2tel-Guyon (F. &#8211; Puy-de-D\u00f4me) durant plusieurs ann\u00e9es (2011-2012-2013-2017), j\u2019ai pu constater la d\u00e9gradation des lieux, toujours avec deux causes\u00a0: les infiltrations d\u2019eau de source et de pluie, et les saccages provoqu\u00e9s par des squatters ind\u00e9licats.<br \/>\nDerni\u00e8rement, en parcourant ma phototh\u00e8que, j\u2019ai retrouv\u00e9 des clich\u00e9s num\u00e9riques brut d\u2019APN. Ce sont ces images enfin d\u00e9velopp\u00e9es que je livre \u00e0 votre regard (en couleur et en N&amp;B comme les autres ann\u00e9es). Certaines paraitront faire doublons avec celles de l\u2019ann\u00e9e 2011, mais je peux vous affirmer que les d\u00e9g\u00e2ts se sont amplifi\u00e9s d\u2019une ann\u00e9e \u00e0 l\u2019autre.<br \/>\nPour cette s\u00e9rie le traitement des photos N&amp;B a \u00e9t\u00e9 renforc\u00e9 avec le plug-in NIK SILVER EFEX 2 afin de dramatiser l\u2019ambiance des lieux.<\/p>\n<p>Je vous souhaite une agr\u00e9able visite photographique dans ces lieux charg\u00e9s d\u2019histoire, aujourd\u2019hui d\u00e9laiss\u00e9s.<\/p>\n","protected":false},"excerpt":{"rendered":"<p>&nbsp; Les Grands Thermes de Ch\u00e2tel-Guyon, Puy-de-D\u00f4me, France. &nbsp; Les Grands Thermes de Ch\u00e2tel-Guyon en 2012 : Rez-de-chauss\u00e9e Ayant eu le privil\u00e8ge de parcourir les Grands Thermes de Ch\u00e2tel-Guyon (F. &#8211; Puy-de-D\u00f4me) durant plusieurs ann\u00e9es (2011-2012-2013-2017), j\u2019ai pu constater la d\u00e9gradation des lieux, toujours avec deux causes\u00a0: les infiltrations d\u2019eau de source et de pluie, [&hellip;]<\/p>\n","protected":false},"author":1,"featured_media":0,"comment_status":"open","ping_status":"open","sticky":false,"template":"","format":"standard","meta":{"footnotes":"","_links_to":"","_links_to_target":""},"categories":[687,391,17,271],"tags":[591,752,792],"class_list":["post-17019","post","type-post","status-publish","format-standard","hentry","category-architecture","category-graphisme","category-insolite","category-reportages","tag-chatel-guyon","tag-graphisme","tag-thermes"],"_links":{"self":[{"href":"https:\/\/alainlarivierephoto.com\/index.php?rest_route=\/wp\/v2\/posts\/17019","targetHints":{"allow":["GET"]}}],"collection":[{"href":"https:\/\/alainlarivierephoto.com\/index.php?rest_route=\/wp\/v2\/posts"}],"about":[{"href":"https:\/\/alainlarivierephoto.com\/index.php?rest_route=\/wp\/v2\/types\/post"}],"author":[{"embeddable":true,"href":"https:\/\/alainlarivierephoto.com\/index.php?rest_route=\/wp\/v2\/users\/1"}],"replies":[{"embeddable":true,"href":"https:\/\/alainlarivierephoto.com\/index.php?rest_route=%2Fwp%2Fv2%2Fcomments&post=17019"}],"version-history":[{"count":5,"href":"https:\/\/alainlarivierephoto.com\/index.php?rest_route=\/wp\/v2\/posts\/17019\/revisions"}],"predecessor-version":[{"id":17024,"href":"https:\/\/alainlarivierephoto.com\/index.php?rest_route=\/wp\/v2\/posts\/17019\/revisions\/17024"}],"wp:attachment":[{"href":"https:\/\/alainlarivierephoto.com\/index.php?rest_route=%2Fwp%2Fv2%2Fmedia&parent=17019"}],"wp:term":[{"taxonomy":"category","embeddable":true,"href":"https:\/\/alainlarivierephoto.com\/index.php?rest_route=%2Fwp%2Fv2%2Fcategories&post=17019"},{"taxonomy":"post_tag","embeddable":true,"href":"https:\/\/alainlarivierephoto.com\/index.php?rest_route=%2Fwp%2Fv2%2Ftags&post=17019"}],"curies":[{"name":"wp","href":"https:\/\/api.w.org\/{rel}","templated":true}]}}