{"id":16390,"date":"2021-04-22T18:48:04","date_gmt":"2021-04-22T16:48:04","guid":{"rendered":"https:\/\/alainlarivierephoto.com\/?p=16390"},"modified":"2021-04-22T18:53:11","modified_gmt":"2021-04-22T16:53:11","slug":"silhouettes","status":"publish","type":"post","link":"https:\/\/alainlarivierephoto.com\/?p=16390","title":{"rendered":"Silhouettes"},"content":{"rendered":"<div id=\"attachment_16389\" style=\"width: 1290px\" class=\"wp-caption aligncenter\"><a href=\"https:\/\/alainlarivierephoto.com\/wp-content\/uploads\/2021\/04\/Silhouettes_mod.jpg\"><img loading=\"lazy\" decoding=\"async\" aria-describedby=\"caption-attachment-16389\" class=\"size-full wp-image-16389 colorbox-16390\" src=\"https:\/\/alainlarivierephoto.com\/wp-content\/uploads\/2021\/04\/Silhouettes_mod.jpg\" alt=\"Silhouettes_mod\" width=\"1280\" height=\"852\" srcset=\"https:\/\/alainlarivierephoto.com\/wp-content\/uploads\/2021\/04\/Silhouettes_mod.jpg 1280w, https:\/\/alainlarivierephoto.com\/wp-content\/uploads\/2021\/04\/Silhouettes_mod-300x200.jpg 300w, https:\/\/alainlarivierephoto.com\/wp-content\/uploads\/2021\/04\/Silhouettes_mod-180x120.jpg 180w, https:\/\/alainlarivierephoto.com\/wp-content\/uploads\/2021\/04\/Silhouettes_mod-768x511.jpg 768w\" sizes=\"auto, (max-width: 1280px) 100vw, 1280px\" \/><\/a><p id=\"caption-attachment-16389\" class=\"wp-caption-text\">Silhouettes<\/p><\/div>\n<p>&nbsp;<\/p>\n<h4>A la demande d&rsquo;un ami photographe (Alain Adamski), je lui ai pass\u00e9 deux de mes clich\u00e9s, pr\u00e9sents dans la phototh\u00e8que du site, afin qu&rsquo;il applique un traitement pour une vision personnelle du sujet. Voici le r\u00e9sultat obtenu pour \u00ab\u00a0Silhouettes\u00a0\u00bb avec le traitement suivant :<\/h4>\n<h4>G&rsquo;MIC (Artistic &#8212;&gt; Dream Smoothing) , garder les r\u00e9glages par d\u00e9faut.<\/h4>\n<h4>Voici l&rsquo;original ci-dessous<\/h4>\n<p>&nbsp;<\/p>\n<div id=\"attachment_14312\" style=\"width: 1290px\" class=\"wp-caption aligncenter\"><a href=\"https:\/\/alainlarivierephoto.com\/wp-content\/uploads\/2019\/06\/Silhouettes-02E_bleu.jpg\"><img loading=\"lazy\" decoding=\"async\" aria-describedby=\"caption-attachment-14312\" class=\"size-large wp-image-14312 colorbox-16390\" src=\"https:\/\/alainlarivierephoto.com\/wp-content\/uploads\/2019\/06\/Silhouettes-02E_bleu-1280x852.jpg\" alt=\"Silhouettes d'arbres -13- (Rendu ton bleu)\" width=\"1280\" height=\"852\" srcset=\"https:\/\/alainlarivierephoto.com\/wp-content\/uploads\/2019\/06\/Silhouettes-02E_bleu.jpg 1280w, https:\/\/alainlarivierephoto.com\/wp-content\/uploads\/2019\/06\/Silhouettes-02E_bleu-180x120.jpg 180w, https:\/\/alainlarivierephoto.com\/wp-content\/uploads\/2019\/06\/Silhouettes-02E_bleu-300x200.jpg 300w, https:\/\/alainlarivierephoto.com\/wp-content\/uploads\/2019\/06\/Silhouettes-02E_bleu-768x511.jpg 768w\" sizes=\"auto, (max-width: 1280px) 100vw, 1280px\" \/><\/a><p id=\"caption-attachment-14312\" class=\"wp-caption-text\">Silhouettes d&rsquo;arbres<\/p><\/div>\n","protected":false},"excerpt":{"rendered":"<p>&nbsp; A la demande d&rsquo;un ami photographe (Alain Adamski), je lui ai pass\u00e9 deux de mes clich\u00e9s, pr\u00e9sents dans la phototh\u00e8que du site, afin qu&rsquo;il applique un traitement pour une vision personnelle du sujet. Voici le r\u00e9sultat obtenu pour \u00ab\u00a0Silhouettes\u00a0\u00bb avec le traitement suivant : G&rsquo;MIC (Artistic &#8212;&gt; Dream Smoothing) , garder les r\u00e9glages par [&hellip;]<\/p>\n","protected":false},"author":1,"featured_media":0,"comment_status":"open","ping_status":"open","sticky":false,"template":"","format":"standard","meta":{"footnotes":"","_links_to":"","_links_to_target":""},"categories":[32,391,80],"tags":[33,752,276],"class_list":["post-16390","post","type-post","status-publish","format-standard","hentry","category-frondaisons","category-graphisme","category-paysages-et-biotopes","tag-arbre","tag-graphisme","tag-silhouette"],"_links":{"self":[{"href":"https:\/\/alainlarivierephoto.com\/index.php?rest_route=\/wp\/v2\/posts\/16390","targetHints":{"allow":["GET"]}}],"collection":[{"href":"https:\/\/alainlarivierephoto.com\/index.php?rest_route=\/wp\/v2\/posts"}],"about":[{"href":"https:\/\/alainlarivierephoto.com\/index.php?rest_route=\/wp\/v2\/types\/post"}],"author":[{"embeddable":true,"href":"https:\/\/alainlarivierephoto.com\/index.php?rest_route=\/wp\/v2\/users\/1"}],"replies":[{"embeddable":true,"href":"https:\/\/alainlarivierephoto.com\/index.php?rest_route=%2Fwp%2Fv2%2Fcomments&post=16390"}],"version-history":[{"count":5,"href":"https:\/\/alainlarivierephoto.com\/index.php?rest_route=\/wp\/v2\/posts\/16390\/revisions"}],"predecessor-version":[{"id":16396,"href":"https:\/\/alainlarivierephoto.com\/index.php?rest_route=\/wp\/v2\/posts\/16390\/revisions\/16396"}],"wp:attachment":[{"href":"https:\/\/alainlarivierephoto.com\/index.php?rest_route=%2Fwp%2Fv2%2Fmedia&parent=16390"}],"wp:term":[{"taxonomy":"category","embeddable":true,"href":"https:\/\/alainlarivierephoto.com\/index.php?rest_route=%2Fwp%2Fv2%2Fcategories&post=16390"},{"taxonomy":"post_tag","embeddable":true,"href":"https:\/\/alainlarivierephoto.com\/index.php?rest_route=%2Fwp%2Fv2%2Ftags&post=16390"}],"curies":[{"name":"wp","href":"https:\/\/api.w.org\/{rel}","templated":true}]}}