{"id":16377,"date":"2021-04-08T00:05:49","date_gmt":"2021-04-07T22:05:49","guid":{"rendered":"https:\/\/alainlarivierephoto.com\/?p=16377"},"modified":"2021-04-07T14:01:15","modified_gmt":"2021-04-07T12:01:15","slug":"le-tourbillon-des-fantomes-1","status":"publish","type":"post","link":"https:\/\/alainlarivierephoto.com\/?p=16377","title":{"rendered":"Le tourbillon des fant\u00f4mes"},"content":{"rendered":"<div id=\"attachment_16374\" style=\"width: 1290px\" class=\"wp-caption aligncenter\"><a href=\"https:\/\/alainlarivierephoto.com\/wp-content\/uploads\/2021\/04\/Le-tourbillon-des-fantomes-01E.jpg\"><img loading=\"lazy\" decoding=\"async\" aria-describedby=\"caption-attachment-16374\" class=\"size-full wp-image-16374 colorbox-16377\" src=\"https:\/\/alainlarivierephoto.com\/wp-content\/uploads\/2021\/04\/Le-tourbillon-des-fantomes-01E.jpg\" alt=\"Le tourbillon des fant\u00f4mes -1-\" width=\"1280\" height=\"854\" srcset=\"https:\/\/alainlarivierephoto.com\/wp-content\/uploads\/2021\/04\/Le-tourbillon-des-fantomes-01E.jpg 1280w, https:\/\/alainlarivierephoto.com\/wp-content\/uploads\/2021\/04\/Le-tourbillon-des-fantomes-01E-300x200.jpg 300w, https:\/\/alainlarivierephoto.com\/wp-content\/uploads\/2021\/04\/Le-tourbillon-des-fantomes-01E-180x120.jpg 180w, https:\/\/alainlarivierephoto.com\/wp-content\/uploads\/2021\/04\/Le-tourbillon-des-fantomes-01E-768x512.jpg 768w\" sizes=\"auto, (max-width: 1280px) 100vw, 1280px\" \/><\/a><p id=\"caption-attachment-16374\" class=\"wp-caption-text\">Le tourbillon des fant\u00f4mes<\/p><\/div>\n<p>&nbsp;<\/p>\n<p>Le tourbillon des fant\u00f4mes<\/p>\n<p>Revoil\u00e0 nos fant\u00f4mes pas forcement \u00ab\u00a0bien aim\u00e9s\u00a0\u00bb, l\u00e0 o\u00f9 nous ne les attendions pas. Cette fois-ci ils se tiennent cach\u00e9s, \u00e0 l\u2019aff\u00fbt, dans une haie v\u00e9g\u00e9tale, attendant le moment propice pour nous agresser.<\/p>\n","protected":false},"excerpt":{"rendered":"<p>&nbsp; Le tourbillon des fant\u00f4mes Revoil\u00e0 nos fant\u00f4mes pas forcement \u00ab\u00a0bien aim\u00e9s\u00a0\u00bb, l\u00e0 o\u00f9 nous ne les attendions pas. Cette fois-ci ils se tiennent cach\u00e9s, \u00e0 l\u2019aff\u00fbt, dans une haie v\u00e9g\u00e9tale, attendant le moment propice pour nous agresser.<\/p>\n","protected":false},"author":1,"featured_media":0,"comment_status":"open","ping_status":"open","sticky":false,"template":"","format":"standard","meta":{"footnotes":"","_links_to":"","_links_to_target":""},"categories":[391,17,18],"tags":[588,605],"class_list":["post-16377","post","type-post","status-publish","format-standard","hentry","category-graphisme","category-insolite","category-textures-vegetales","tag-fantome","tag-tourbillon"],"_links":{"self":[{"href":"https:\/\/alainlarivierephoto.com\/index.php?rest_route=\/wp\/v2\/posts\/16377","targetHints":{"allow":["GET"]}}],"collection":[{"href":"https:\/\/alainlarivierephoto.com\/index.php?rest_route=\/wp\/v2\/posts"}],"about":[{"href":"https:\/\/alainlarivierephoto.com\/index.php?rest_route=\/wp\/v2\/types\/post"}],"author":[{"embeddable":true,"href":"https:\/\/alainlarivierephoto.com\/index.php?rest_route=\/wp\/v2\/users\/1"}],"replies":[{"embeddable":true,"href":"https:\/\/alainlarivierephoto.com\/index.php?rest_route=%2Fwp%2Fv2%2Fcomments&post=16377"}],"version-history":[{"count":2,"href":"https:\/\/alainlarivierephoto.com\/index.php?rest_route=\/wp\/v2\/posts\/16377\/revisions"}],"predecessor-version":[{"id":16379,"href":"https:\/\/alainlarivierephoto.com\/index.php?rest_route=\/wp\/v2\/posts\/16377\/revisions\/16379"}],"wp:attachment":[{"href":"https:\/\/alainlarivierephoto.com\/index.php?rest_route=%2Fwp%2Fv2%2Fmedia&parent=16377"}],"wp:term":[{"taxonomy":"category","embeddable":true,"href":"https:\/\/alainlarivierephoto.com\/index.php?rest_route=%2Fwp%2Fv2%2Fcategories&post=16377"},{"taxonomy":"post_tag","embeddable":true,"href":"https:\/\/alainlarivierephoto.com\/index.php?rest_route=%2Fwp%2Fv2%2Ftags&post=16377"}],"curies":[{"name":"wp","href":"https:\/\/api.w.org\/{rel}","templated":true}]}}