{"id":16338,"date":"2021-01-04T14:11:51","date_gmt":"2021-01-04T13:11:51","guid":{"rendered":"https:\/\/alainlarivierephoto.com\/?p=16338"},"modified":"2021-04-07T14:08:16","modified_gmt":"2021-04-07T12:08:16","slug":"voeux-2021","status":"publish","type":"post","link":"https:\/\/alainlarivierephoto.com\/?p=16338","title":{"rendered":"Voeux 2021"},"content":{"rendered":"<h2><span style=\"color: #99cc00;\"><strong>Je souhaite \u00e0 toutes et \u00e0 tous une ann\u00e9e 2021 plus propice aux d\u00e9placements sans contraintes, et de r\u00e9aliser vos projets photographiques qui ont \u00e9t\u00e9 mis en attente \u00e0 cause du COVID19.<\/strong><\/span><\/h2>\n<p>&nbsp;<\/p>\n<h2><span style=\"color: #99cc00;\"><strong>Merci aux passionn\u00e9s de photographies qui viennent parcourir mes diff\u00e9rents sujets de prise de vues.<\/strong><\/span><\/h2>\n<p>&nbsp;<\/p>\n<div id=\"attachment_1524\" style=\"width: 490px\" class=\"wp-caption aligncenter\"><a href=\"https:\/\/alainlarivierephoto.com\/wp-content\/uploads\/2011\/07\/Le-photographe.jpg\"><img loading=\"lazy\" decoding=\"async\" aria-describedby=\"caption-attachment-1524\" class=\"size-full wp-image-1524 colorbox-16338\" src=\"https:\/\/alainlarivierephoto.com\/wp-content\/uploads\/2011\/07\/Le-photographe.jpg\" alt=\"Le photographe\" width=\"480\" height=\"317\" srcset=\"https:\/\/alainlarivierephoto.com\/wp-content\/uploads\/2011\/07\/Le-photographe.jpg 480w, https:\/\/alainlarivierephoto.com\/wp-content\/uploads\/2011\/07\/Le-photographe-150x99.jpg 150w, https:\/\/alainlarivierephoto.com\/wp-content\/uploads\/2011\/07\/Le-photographe-300x198.jpg 300w\" sizes=\"auto, (max-width: 480px) 100vw, 480px\" \/><\/a><p id=\"caption-attachment-1524\" class=\"wp-caption-text\">Alain Larivi\u00e8re sur le terrain<\/p><\/div>\n<h2><\/h2>\n<p>&nbsp;<\/p>\n<h2><span style=\"color: #99cc00;\"><strong>Pendant quelques semaines le site sera en stand-by, avant que vous puissiez visualiser de nouvelles images.<\/strong><\/span><\/h2>\n<p>&nbsp;<\/p>\n","protected":false},"excerpt":{"rendered":"<p>Je souhaite \u00e0 toutes et \u00e0 tous une ann\u00e9e 2021 plus propice aux d\u00e9placements sans contraintes, et de r\u00e9aliser vos projets photographiques qui ont \u00e9t\u00e9 mis en attente \u00e0 cause du COVID19. &nbsp; Merci aux passionn\u00e9s de photographies qui viennent parcourir mes diff\u00e9rents sujets de prise de vues. &nbsp; &nbsp; Pendant quelques semaines le site [&hellip;]<\/p>\n","protected":false},"author":1,"featured_media":0,"comment_status":"open","ping_status":"open","sticky":false,"template":"","format":"standard","meta":{"footnotes":"","_links_to":"","_links_to_target":""},"categories":[1],"tags":[1117],"class_list":["post-16338","post","type-post","status-publish","format-standard","hentry","category-non-classe","tag-voeux-2021"],"_links":{"self":[{"href":"https:\/\/alainlarivierephoto.com\/index.php?rest_route=\/wp\/v2\/posts\/16338","targetHints":{"allow":["GET"]}}],"collection":[{"href":"https:\/\/alainlarivierephoto.com\/index.php?rest_route=\/wp\/v2\/posts"}],"about":[{"href":"https:\/\/alainlarivierephoto.com\/index.php?rest_route=\/wp\/v2\/types\/post"}],"author":[{"embeddable":true,"href":"https:\/\/alainlarivierephoto.com\/index.php?rest_route=\/wp\/v2\/users\/1"}],"replies":[{"embeddable":true,"href":"https:\/\/alainlarivierephoto.com\/index.php?rest_route=%2Fwp%2Fv2%2Fcomments&post=16338"}],"version-history":[{"count":8,"href":"https:\/\/alainlarivierephoto.com\/index.php?rest_route=\/wp\/v2\/posts\/16338\/revisions"}],"predecessor-version":[{"id":16349,"href":"https:\/\/alainlarivierephoto.com\/index.php?rest_route=\/wp\/v2\/posts\/16338\/revisions\/16349"}],"wp:attachment":[{"href":"https:\/\/alainlarivierephoto.com\/index.php?rest_route=%2Fwp%2Fv2%2Fmedia&parent=16338"}],"wp:term":[{"taxonomy":"category","embeddable":true,"href":"https:\/\/alainlarivierephoto.com\/index.php?rest_route=%2Fwp%2Fv2%2Fcategories&post=16338"},{"taxonomy":"post_tag","embeddable":true,"href":"https:\/\/alainlarivierephoto.com\/index.php?rest_route=%2Fwp%2Fv2%2Ftags&post=16338"}],"curies":[{"name":"wp","href":"https:\/\/api.w.org\/{rel}","templated":true}]}}