{"id":16317,"date":"2020-12-16T00:05:48","date_gmt":"2020-12-15T23:05:48","guid":{"rendered":"https:\/\/alainlarivierephoto.com\/?p=16317"},"modified":"2020-12-02T17:17:21","modified_gmt":"2020-12-02T16:17:21","slug":"les-fantomes-des-nouveaux-thermes-aiga-1","status":"publish","type":"post","link":"https:\/\/alainlarivierephoto.com\/?p=16317","title":{"rendered":"Les fant\u00f4mes des nouveaux thermes A\u00efga"},"content":{"rendered":"<div id=\"attachment_16315\" style=\"width: 1290px\" class=\"wp-caption aligncenter\"><a href=\"https:\/\/alainlarivierephoto.com\/wp-content\/uploads\/2020\/12\/Les-fantomes-des-nouveaux-Thermes-08EM_NB.jpg\"><img loading=\"lazy\" decoding=\"async\" aria-describedby=\"caption-attachment-16315\" class=\"size-full wp-image-16315 colorbox-16317\" src=\"https:\/\/alainlarivierephoto.com\/wp-content\/uploads\/2020\/12\/Les-fantomes-des-nouveaux-Thermes-08EM_NB.jpg\" alt=\"Les fant\u00f4mes aux nouveaux thermes A\u00efga -1-\" width=\"1280\" height=\"854\" srcset=\"https:\/\/alainlarivierephoto.com\/wp-content\/uploads\/2020\/12\/Les-fantomes-des-nouveaux-Thermes-08EM_NB.jpg 1280w, https:\/\/alainlarivierephoto.com\/wp-content\/uploads\/2020\/12\/Les-fantomes-des-nouveaux-Thermes-08EM_NB-300x200.jpg 300w, https:\/\/alainlarivierephoto.com\/wp-content\/uploads\/2020\/12\/Les-fantomes-des-nouveaux-Thermes-08EM_NB-180x120.jpg 180w, https:\/\/alainlarivierephoto.com\/wp-content\/uploads\/2020\/12\/Les-fantomes-des-nouveaux-Thermes-08EM_NB-768x512.jpg 768w\" sizes=\"auto, (max-width: 1280px) 100vw, 1280px\" \/><\/a><p id=\"caption-attachment-16315\" class=\"wp-caption-text\">Les fant\u00f4mes des nouveaux thermes A\u00efga<\/p><\/div>\n<p>&nbsp;<\/p>\n<h3><strong>Apr\u00e8s avoir s\u00e9vits aux Grands Thermes de Ch\u00e2tel-Guyon, voici les fant\u00f4mes qui investissent les nouveaux thermes ; histoire de rentrer dans le bain et de troubler les curistes&#8230;<\/strong><\/h3>\n","protected":false},"excerpt":{"rendered":"<p>&nbsp; Apr\u00e8s avoir s\u00e9vits aux Grands Thermes de Ch\u00e2tel-Guyon, voici les fant\u00f4mes qui investissent les nouveaux thermes ; histoire de rentrer dans le bain et de troubler les curistes&#8230;<\/p>\n","protected":false},"author":1,"featured_media":0,"comment_status":"open","ping_status":"open","sticky":false,"template":"","format":"standard","meta":{"footnotes":"","_links_to":"","_links_to_target":""},"categories":[391,115,17],"tags":[588,792],"class_list":["post-16317","post","type-post","status-publish","format-standard","hentry","category-graphisme","category-humour","category-insolite","tag-fantome","tag-thermes"],"_links":{"self":[{"href":"https:\/\/alainlarivierephoto.com\/index.php?rest_route=\/wp\/v2\/posts\/16317","targetHints":{"allow":["GET"]}}],"collection":[{"href":"https:\/\/alainlarivierephoto.com\/index.php?rest_route=\/wp\/v2\/posts"}],"about":[{"href":"https:\/\/alainlarivierephoto.com\/index.php?rest_route=\/wp\/v2\/types\/post"}],"author":[{"embeddable":true,"href":"https:\/\/alainlarivierephoto.com\/index.php?rest_route=\/wp\/v2\/users\/1"}],"replies":[{"embeddable":true,"href":"https:\/\/alainlarivierephoto.com\/index.php?rest_route=%2Fwp%2Fv2%2Fcomments&post=16317"}],"version-history":[{"count":3,"href":"https:\/\/alainlarivierephoto.com\/index.php?rest_route=\/wp\/v2\/posts\/16317\/revisions"}],"predecessor-version":[{"id":16334,"href":"https:\/\/alainlarivierephoto.com\/index.php?rest_route=\/wp\/v2\/posts\/16317\/revisions\/16334"}],"wp:attachment":[{"href":"https:\/\/alainlarivierephoto.com\/index.php?rest_route=%2Fwp%2Fv2%2Fmedia&parent=16317"}],"wp:term":[{"taxonomy":"category","embeddable":true,"href":"https:\/\/alainlarivierephoto.com\/index.php?rest_route=%2Fwp%2Fv2%2Fcategories&post=16317"},{"taxonomy":"post_tag","embeddable":true,"href":"https:\/\/alainlarivierephoto.com\/index.php?rest_route=%2Fwp%2Fv2%2Ftags&post=16317"}],"curies":[{"name":"wp","href":"https:\/\/api.w.org\/{rel}","templated":true}]}}