{"id":16311,"date":"2020-12-13T00:05:39","date_gmt":"2020-12-12T23:05:39","guid":{"rendered":"https:\/\/alainlarivierephoto.com\/?p=16311"},"modified":"2020-12-02T15:47:52","modified_gmt":"2020-12-02T14:47:52","slug":"les-grands-thermes-font-le-show-18-19-20","status":"publish","type":"post","link":"https:\/\/alainlarivierephoto.com\/?p=16311","title":{"rendered":"Les Grands Thermes font le show"},"content":{"rendered":"<div id=\"attachment_16224\" style=\"width: 1290px\" class=\"wp-caption aligncenter\"><a href=\"https:\/\/alainlarivierephoto.com\/wp-content\/uploads\/2020\/11\/Les-Grands-Thermes-font-le-show-18E.jpg\"><img loading=\"lazy\" decoding=\"async\" aria-describedby=\"caption-attachment-16224\" class=\"size-full wp-image-16224 colorbox-16311\" src=\"https:\/\/alainlarivierephoto.com\/wp-content\/uploads\/2020\/11\/Les-Grands-Thermes-font-le-show-18E.jpg\" alt=\"Les Grands Thermes font le show -18-\" width=\"1280\" height=\"720\" srcset=\"https:\/\/alainlarivierephoto.com\/wp-content\/uploads\/2020\/11\/Les-Grands-Thermes-font-le-show-18E.jpg 1280w, https:\/\/alainlarivierephoto.com\/wp-content\/uploads\/2020\/11\/Les-Grands-Thermes-font-le-show-18E-300x169.jpg 300w, https:\/\/alainlarivierephoto.com\/wp-content\/uploads\/2020\/11\/Les-Grands-Thermes-font-le-show-18E-180x101.jpg 180w, https:\/\/alainlarivierephoto.com\/wp-content\/uploads\/2020\/11\/Les-Grands-Thermes-font-le-show-18E-768x432.jpg 768w\" sizes=\"auto, (max-width: 1280px) 100vw, 1280px\" \/><\/a><p id=\"caption-attachment-16224\" class=\"wp-caption-text\">Les Grands Thermes font le show<\/p><\/div>\n<div id=\"attachment_16225\" style=\"width: 1290px\" class=\"wp-caption aligncenter\"><a href=\"https:\/\/alainlarivierephoto.com\/wp-content\/uploads\/2020\/11\/Les-Grands-Thermes-font-le-show-19E.jpg\"><img loading=\"lazy\" decoding=\"async\" aria-describedby=\"caption-attachment-16225\" class=\"size-full wp-image-16225 colorbox-16311\" src=\"https:\/\/alainlarivierephoto.com\/wp-content\/uploads\/2020\/11\/Les-Grands-Thermes-font-le-show-19E.jpg\" alt=\"Les Grands Thermes font le show -19-\" width=\"1280\" height=\"720\" srcset=\"https:\/\/alainlarivierephoto.com\/wp-content\/uploads\/2020\/11\/Les-Grands-Thermes-font-le-show-19E.jpg 1280w, https:\/\/alainlarivierephoto.com\/wp-content\/uploads\/2020\/11\/Les-Grands-Thermes-font-le-show-19E-300x169.jpg 300w, https:\/\/alainlarivierephoto.com\/wp-content\/uploads\/2020\/11\/Les-Grands-Thermes-font-le-show-19E-180x101.jpg 180w, https:\/\/alainlarivierephoto.com\/wp-content\/uploads\/2020\/11\/Les-Grands-Thermes-font-le-show-19E-768x432.jpg 768w\" sizes=\"auto, (max-width: 1280px) 100vw, 1280px\" \/><\/a><p id=\"caption-attachment-16225\" class=\"wp-caption-text\">Les Grands Thermes font le show<\/p><\/div>\n<div id=\"attachment_16226\" style=\"width: 1290px\" class=\"wp-caption aligncenter\"><a href=\"https:\/\/alainlarivierephoto.com\/wp-content\/uploads\/2020\/11\/Les-Grands-Thermes-font-le-show-20E.jpg\"><img loading=\"lazy\" decoding=\"async\" aria-describedby=\"caption-attachment-16226\" class=\"size-full wp-image-16226 colorbox-16311\" src=\"https:\/\/alainlarivierephoto.com\/wp-content\/uploads\/2020\/11\/Les-Grands-Thermes-font-le-show-20E.jpg\" alt=\"Les Grands Thermes font le show -20-\" width=\"1280\" height=\"720\" srcset=\"https:\/\/alainlarivierephoto.com\/wp-content\/uploads\/2020\/11\/Les-Grands-Thermes-font-le-show-20E.jpg 1280w, https:\/\/alainlarivierephoto.com\/wp-content\/uploads\/2020\/11\/Les-Grands-Thermes-font-le-show-20E-300x169.jpg 300w, https:\/\/alainlarivierephoto.com\/wp-content\/uploads\/2020\/11\/Les-Grands-Thermes-font-le-show-20E-180x101.jpg 180w, https:\/\/alainlarivierephoto.com\/wp-content\/uploads\/2020\/11\/Les-Grands-Thermes-font-le-show-20E-768x432.jpg 768w\" sizes=\"auto, (max-width: 1280px) 100vw, 1280px\" \/><\/a><p id=\"caption-attachment-16226\" class=\"wp-caption-text\">Les Grands Thermes font le show<\/p><\/div>\n<p>&nbsp;<\/p>\n<p>Les Grands Thermes font le show<\/p>\n<p>La fa\u00e7ade des Grands Thermes mise en lumi\u00e8re. Du 23 ao\u00fbt jusqu\u2019au 20 septembre 2020, gr\u00e2ce au mapping*, la fa\u00e7ade des Grands Thermes s\u2019est illumin\u00e9e tous les soirs, \u00e0 la tomb\u00e9e de la nuit.<br \/>\nCette cr\u00e9ation artistique retra\u00e7ait la le capital historique et culturel de la commune de Ch\u00e2tel-Guyon.<\/p>\n<p>* Le mapping vid\u00e9o, \u00e9galement appel\u00e9 fresque lumineuse ou projection illusionniste au Qu\u00e9bec, est une technologie multim\u00e9dia permettant de projeter de la lumi\u00e8re ou des vid\u00e9os sur des volumes, de recr\u00e9er des images de grande taille sur des structures en relief, tels des monuments, ou de recr\u00e9er des univers \u00e0 360\u00b0.<br \/>\nPour en savoir plus : https:\/\/fr.wikipedia.org\/wiki\/Mapping_vid\u00e9o<\/p>\n","protected":false},"excerpt":{"rendered":"<p>&nbsp; Les Grands Thermes font le show La fa\u00e7ade des Grands Thermes mise en lumi\u00e8re. Du 23 ao\u00fbt jusqu\u2019au 20 septembre 2020, gr\u00e2ce au mapping*, la fa\u00e7ade des Grands Thermes s\u2019est illumin\u00e9e tous les soirs, \u00e0 la tomb\u00e9e de la nuit. Cette cr\u00e9ation artistique retra\u00e7ait la le capital historique et culturel de la commune de [&hellip;]<\/p>\n","protected":false},"author":1,"featured_media":0,"comment_status":"open","ping_status":"open","sticky":false,"template":"","format":"standard","meta":{"footnotes":"","_links_to":"","_links_to_target":""},"categories":[5,687,391,271,310],"tags":[1109,734,1110,1112,1111,959],"class_list":["post-16311","post","type-post","status-publish","format-standard","hentry","category-ambiances-nocturnes","category-architecture","category-graphisme","category-reportages","category-spectacles","tag-grands-termes","tag-lumiere","tag-mapping","tag-projection","tag-son-et-lumiere","tag-spectacle-nocturne"],"_links":{"self":[{"href":"https:\/\/alainlarivierephoto.com\/index.php?rest_route=\/wp\/v2\/posts\/16311","targetHints":{"allow":["GET"]}}],"collection":[{"href":"https:\/\/alainlarivierephoto.com\/index.php?rest_route=\/wp\/v2\/posts"}],"about":[{"href":"https:\/\/alainlarivierephoto.com\/index.php?rest_route=\/wp\/v2\/types\/post"}],"author":[{"embeddable":true,"href":"https:\/\/alainlarivierephoto.com\/index.php?rest_route=\/wp\/v2\/users\/1"}],"replies":[{"embeddable":true,"href":"https:\/\/alainlarivierephoto.com\/index.php?rest_route=%2Fwp%2Fv2%2Fcomments&post=16311"}],"version-history":[{"count":3,"href":"https:\/\/alainlarivierephoto.com\/index.php?rest_route=\/wp\/v2\/posts\/16311\/revisions"}],"predecessor-version":[{"id":16314,"href":"https:\/\/alainlarivierephoto.com\/index.php?rest_route=\/wp\/v2\/posts\/16311\/revisions\/16314"}],"wp:attachment":[{"href":"https:\/\/alainlarivierephoto.com\/index.php?rest_route=%2Fwp%2Fv2%2Fmedia&parent=16311"}],"wp:term":[{"taxonomy":"category","embeddable":true,"href":"https:\/\/alainlarivierephoto.com\/index.php?rest_route=%2Fwp%2Fv2%2Fcategories&post=16311"},{"taxonomy":"post_tag","embeddable":true,"href":"https:\/\/alainlarivierephoto.com\/index.php?rest_route=%2Fwp%2Fv2%2Ftags&post=16311"}],"curies":[{"name":"wp","href":"https:\/\/api.w.org\/{rel}","templated":true}]}}