{"id":16091,"date":"2020-11-11T00:05:18","date_gmt":"2020-11-10T23:05:18","guid":{"rendered":"https:\/\/alainlarivierephoto.com\/?p=16091"},"modified":"2020-11-11T18:00:48","modified_gmt":"2020-11-11T17:00:48","slug":"les-tombes-de-loubli-meme-pabot-31","status":"publish","type":"post","link":"https:\/\/alainlarivierephoto.com\/?p=16091","title":{"rendered":"Les tombes de l&rsquo;oubli : M\u00eame \u00ab\u00a0PABOT\u00a0\u00bb !"},"content":{"rendered":"<div id=\"attachment_16090\" style=\"width: 1290px\" class=\"wp-caption aligncenter\"><a href=\"https:\/\/alainlarivierephoto.com\/wp-content\/uploads\/2020\/11\/Meme-22PABOT22-01E.jpg\"><img loading=\"lazy\" decoding=\"async\" aria-describedby=\"caption-attachment-16090\" class=\"wp-image-16090 size-full colorbox-16091\" src=\"https:\/\/alainlarivierephoto.com\/wp-content\/uploads\/2020\/11\/Meme-22PABOT22-01E.jpg\" alt=\"Les tombes de l'oubli : M\u00eame &quot;PABOT&quot; ! -31-\" width=\"1280\" height=\"853\" srcset=\"https:\/\/alainlarivierephoto.com\/wp-content\/uploads\/2020\/11\/Meme-22PABOT22-01E.jpg 1280w, https:\/\/alainlarivierephoto.com\/wp-content\/uploads\/2020\/11\/Meme-22PABOT22-01E-300x200.jpg 300w, https:\/\/alainlarivierephoto.com\/wp-content\/uploads\/2020\/11\/Meme-22PABOT22-01E-180x120.jpg 180w, https:\/\/alainlarivierephoto.com\/wp-content\/uploads\/2020\/11\/Meme-22PABOT22-01E-768x512.jpg 768w\" sizes=\"auto, (max-width: 1280px) 100vw, 1280px\" \/><\/a><p id=\"caption-attachment-16090\" class=\"wp-caption-text\">Les tombes de l&rsquo;oubli : M\u00eame \u00ab\u00a0PABOT\u00a0\u00bb !<\/p><\/div>\n<p>&nbsp;<\/p>\n<p style=\"text-align: justify;\">Reportage sur les s\u00e9pultures abandonn\u00e9es et le th\u00e8me de l&rsquo;oubli.<\/p>\n<p style=\"text-align: justify;\">Le travail photographique montre des tombes abandonn\u00e9es, d\u00e9labr\u00e9es, o\u00f9 m\u00eame la notion de concession perp\u00e9tuelle n&rsquo;a plus cours pour les plus anciennes. A ces s\u00e9pultures on ne peut dissocier la notion d&rsquo;oubli, d&rsquo;o\u00f9 le titre de la s\u00e9rie.<br \/>\nApr\u00e8s la disparition physique des d\u00e9funts vient celle de leur identit\u00e9 qui, sur de nombreuses tombes, ou ce qu&rsquo;il en reste, n&rsquo;apparait plus. Alors il n&rsquo;y a plus trace du passage des personnes sur terre : c&rsquo;est l&rsquo;oubli \u00e0 perp\u00e9tuit\u00e9.<br \/>\nL&rsquo;\u00e9ternit\u00e9 des \u00e2mes errantes.<br \/>\n\u00ab La mort, si nous voulons nommer ainsi cette irr\u00e9alit\u00e9, est la chose la plus redoutable. \u00bb<br \/>\nHegel, La Ph\u00e9nom\u00e9nologie de l&rsquo;Esprit, 1807.<br \/>\nQu&rsquo;est-ce donc qu&rsquo;oublier si ce n&rsquo;est pas mourir ?<br \/>\nMusset (Alfred de)<\/p>\n","protected":false},"excerpt":{"rendered":"<p>&nbsp; Reportage sur les s\u00e9pultures abandonn\u00e9es et le th\u00e8me de l&rsquo;oubli. Le travail photographique montre des tombes abandonn\u00e9es, d\u00e9labr\u00e9es, o\u00f9 m\u00eame la notion de concession perp\u00e9tuelle n&rsquo;a plus cours pour les plus anciennes. A ces s\u00e9pultures on ne peut dissocier la notion d&rsquo;oubli, d&rsquo;o\u00f9 le titre de la s\u00e9rie. Apr\u00e8s la disparition physique des d\u00e9funts [&hellip;]<\/p>\n","protected":false},"author":1,"featured_media":0,"comment_status":"open","ping_status":"open","sticky":false,"template":"","format":"standard","meta":{"footnotes":"","_links_to":"","_links_to_target":""},"categories":[12,271],"tags":[766,765,764],"class_list":["post-16091","post","type-post","status-publish","format-standard","hentry","category-les-tombes-de-l-oubli","category-reportages","tag-cimetiere","tag-sepulture","tag-tombe"],"_links":{"self":[{"href":"https:\/\/alainlarivierephoto.com\/index.php?rest_route=\/wp\/v2\/posts\/16091","targetHints":{"allow":["GET"]}}],"collection":[{"href":"https:\/\/alainlarivierephoto.com\/index.php?rest_route=\/wp\/v2\/posts"}],"about":[{"href":"https:\/\/alainlarivierephoto.com\/index.php?rest_route=\/wp\/v2\/types\/post"}],"author":[{"embeddable":true,"href":"https:\/\/alainlarivierephoto.com\/index.php?rest_route=\/wp\/v2\/users\/1"}],"replies":[{"embeddable":true,"href":"https:\/\/alainlarivierephoto.com\/index.php?rest_route=%2Fwp%2Fv2%2Fcomments&post=16091"}],"version-history":[{"count":7,"href":"https:\/\/alainlarivierephoto.com\/index.php?rest_route=\/wp\/v2\/posts\/16091\/revisions"}],"predecessor-version":[{"id":16139,"href":"https:\/\/alainlarivierephoto.com\/index.php?rest_route=\/wp\/v2\/posts\/16091\/revisions\/16139"}],"wp:attachment":[{"href":"https:\/\/alainlarivierephoto.com\/index.php?rest_route=%2Fwp%2Fv2%2Fmedia&parent=16091"}],"wp:term":[{"taxonomy":"category","embeddable":true,"href":"https:\/\/alainlarivierephoto.com\/index.php?rest_route=%2Fwp%2Fv2%2Fcategories&post=16091"},{"taxonomy":"post_tag","embeddable":true,"href":"https:\/\/alainlarivierephoto.com\/index.php?rest_route=%2Fwp%2Fv2%2Ftags&post=16091"}],"curies":[{"name":"wp","href":"https:\/\/api.w.org\/{rel}","templated":true}]}}