{"id":15894,"date":"2020-06-20T00:05:45","date_gmt":"2020-06-19T22:05:45","guid":{"rendered":"https:\/\/alainlarivierephoto.com\/?p=15894"},"modified":"2020-06-19T23:10:30","modified_gmt":"2020-06-19T21:10:30","slug":"turdus-merula-male-le-merle-noir-3","status":"publish","type":"post","link":"https:\/\/alainlarivierephoto.com\/?p=15894","title":{"rendered":"Turdus merula (m\u00e2le), le Merle noir"},"content":{"rendered":"<div id=\"attachment_15893\" style=\"width: 1290px\" class=\"wp-caption aligncenter\"><a href=\"https:\/\/alainlarivierephoto.com\/wp-content\/uploads\/2020\/06\/Turdus-merula-m\u00e2le-le-Merle-noir-03E.jpg\"><img loading=\"lazy\" decoding=\"async\" aria-describedby=\"caption-attachment-15893\" class=\"size-full wp-image-15893 colorbox-15894\" src=\"https:\/\/alainlarivierephoto.com\/wp-content\/uploads\/2020\/06\/Turdus-merula-m\u00e2le-le-Merle-noir-03E.jpg\" alt=\"Turdus merula (m\u00e2le), le Merle noir -3-\" width=\"1280\" height=\"796\" srcset=\"https:\/\/alainlarivierephoto.com\/wp-content\/uploads\/2020\/06\/Turdus-merula-m\u00e2le-le-Merle-noir-03E.jpg 1280w, https:\/\/alainlarivierephoto.com\/wp-content\/uploads\/2020\/06\/Turdus-merula-m\u00e2le-le-Merle-noir-03E-300x187.jpg 300w, https:\/\/alainlarivierephoto.com\/wp-content\/uploads\/2020\/06\/Turdus-merula-m\u00e2le-le-Merle-noir-03E-180x112.jpg 180w, https:\/\/alainlarivierephoto.com\/wp-content\/uploads\/2020\/06\/Turdus-merula-m\u00e2le-le-Merle-noir-03E-768x478.jpg 768w\" sizes=\"auto, (max-width: 1280px) 100vw, 1280px\" \/><\/a><p id=\"caption-attachment-15893\" class=\"wp-caption-text\">Turdus merula (m\u00e2le), le Merle noir<\/p><\/div>\n<p>&nbsp;<\/p>\n<p><em>Turdus merula<\/em> (m\u00e2le), le Merle noir<\/p>\n<p>R\u00e8gne\u00a0: Animalia.<br \/>\nEmbranchement\u00a0: Chordata.<br \/>\nSous-embranchement\u00a0: Vertebrata.<br \/>\nClasse\u00a0: Aves.<br \/>\nOrdre\u00a0: Passeriformes.<br \/>\nFamille\u00a0: Turdidae.<br \/>\nGenre\u00a0: <em>Turdus<\/em>.<\/p>\n<p style=\"text-align: justify;\">Le\u00a0Merle noir\u00a0(<em>Turdus merula<\/em>) est une esp\u00e8ce de passereaux de la famille des Turdid\u00e9s (Turdidae).<br \/>\nOn distingue facilement le m\u00e2le et la femelle de cette esp\u00e8ce \u00e0 leur plumage\u00a0: le m\u00e2le mature est tout noir, avec le bec et le cercle orbital jaune orange vif, le m\u00e2le immature est noir brun\u00e2tre avec le bec noir\u00a0; la femelle est brun fonc\u00e9 uniforme sur le dessus, brun rouss\u00e2tre plus p\u00e2le dessous, avec le menton blanch\u00e2tre et le bec brun\u00a0; les juv\u00e9niles sont roux et tachet\u00e9s. Le Merle noir de la sous-esp\u00e8ce type (<em>Turdus merula merula<\/em>) a une longue queue (95 \u00e0 110\u00a0mm\u00a0pour le m\u00e2le et 100 \u00e0 105\u00a0mm\u00a0pour la femelle) et mesure entre 23,5 et 29\u00a0cm\u00a0de long pour une envergure de 34 \u00e0 38\u00a0cm, et p\u00e8se entre 80 et 125\u00a0grammes. Cette masse varie en fonction du sexe mais aussi des saisons et des contraintes physiologiques qui leur sont li\u00e9es.<br \/>\nLe Merle niche en Europe, Asie et Afrique du Nord. Il a \u00e9t\u00e9 introduit en\u00a0Australie\u00a0et en Nouvelle-Z\u00e9lande. Il existe plusieurs sous-esp\u00e8ces\u00a0de Merle noir sur sa vaste aire de r\u00e9partition, dont certaines sous-esp\u00e8ces asiatiques sont consid\u00e9r\u00e9es par certains auteurs comme des esp\u00e8ces \u00e0 part enti\u00e8re. Selon la latitude, le Merle noir peut \u00eatre s\u00e9dentaire ou migrateur, partiellement ou enti\u00e8rement. Les couples restent dans leur territoire pendant toute l&rsquo;ann\u00e9e dans les r\u00e9gions o\u00f9 le climat est suffisamment temp\u00e9r\u00e9.<br \/>\nM\u00e2le et femelle ont un comportement territorial\u00a0sur le site de nidification, chacun ayant un comportement agressif distinct.<br \/>\nLe Merle noir est omnivore\u00a0et consomme une grande vari\u00e9t\u00e9 d&rsquo;insectes, de vers et de fruits.<br \/>\nLe Merle noir p\u00e2ture \u00e0 terre en sautillant. Il se pose en \u00e9talant et levant la queue, les ailes pendantes.<br \/>\nLes cris sont vari\u00e9s\u00a0: tac-tac-tac d\u2019alarme, ou tictictic, tchouc, etc. Le chant est m\u00e9lodieux, flut\u00e9, sonore et vari\u00e9.<br \/>\nLe Merle noir niche dans les bois, haies, buissons, jardins, contre les b\u00e2timents, etc. Il construit un nid\u00a0en forme de coupe aux formes bien d\u00e9finies, bord\u00e9 de boue.<\/p>\n","protected":false},"excerpt":{"rendered":"<p>&nbsp; Turdus merula (m\u00e2le), le Merle noir R\u00e8gne\u00a0: Animalia. Embranchement\u00a0: Chordata. Sous-embranchement\u00a0: Vertebrata. Classe\u00a0: Aves. Ordre\u00a0: Passeriformes. Famille\u00a0: Turdidae. Genre\u00a0: Turdus. Le\u00a0Merle noir\u00a0(Turdus merula) est une esp\u00e8ce de passereaux de la famille des Turdid\u00e9s (Turdidae). On distingue facilement le m\u00e2le et la femelle de cette esp\u00e8ce \u00e0 leur plumage\u00a0: le m\u00e2le mature est tout noir, [&hellip;]<\/p>\n","protected":false},"author":1,"featured_media":0,"comment_status":"open","ping_status":"open","sticky":false,"template":"","format":"standard","meta":{"footnotes":"","_links_to":"","_links_to_target":""},"categories":[6,203],"tags":[630,1008,1088,768,1092,1093,1090,1091,1089],"class_list":["post-15894","post","type-post","status-publish","format-standard","hentry","category-faune","category-oiseaux","tag-animal","tag-animalia","tag-merle-noir","tag-oiseau","tag-passereaux","tag-passeriforme","tag-turdidae","tag-turdides","tag-turdus-merula"],"_links":{"self":[{"href":"https:\/\/alainlarivierephoto.com\/index.php?rest_route=\/wp\/v2\/posts\/15894","targetHints":{"allow":["GET"]}}],"collection":[{"href":"https:\/\/alainlarivierephoto.com\/index.php?rest_route=\/wp\/v2\/posts"}],"about":[{"href":"https:\/\/alainlarivierephoto.com\/index.php?rest_route=\/wp\/v2\/types\/post"}],"author":[{"embeddable":true,"href":"https:\/\/alainlarivierephoto.com\/index.php?rest_route=\/wp\/v2\/users\/1"}],"replies":[{"embeddable":true,"href":"https:\/\/alainlarivierephoto.com\/index.php?rest_route=%2Fwp%2Fv2%2Fcomments&post=15894"}],"version-history":[{"count":3,"href":"https:\/\/alainlarivierephoto.com\/index.php?rest_route=\/wp\/v2\/posts\/15894\/revisions"}],"predecessor-version":[{"id":15896,"href":"https:\/\/alainlarivierephoto.com\/index.php?rest_route=\/wp\/v2\/posts\/15894\/revisions\/15896"}],"wp:attachment":[{"href":"https:\/\/alainlarivierephoto.com\/index.php?rest_route=%2Fwp%2Fv2%2Fmedia&parent=15894"}],"wp:term":[{"taxonomy":"category","embeddable":true,"href":"https:\/\/alainlarivierephoto.com\/index.php?rest_route=%2Fwp%2Fv2%2Fcategories&post=15894"},{"taxonomy":"post_tag","embeddable":true,"href":"https:\/\/alainlarivierephoto.com\/index.php?rest_route=%2Fwp%2Fv2%2Ftags&post=15894"}],"curies":[{"name":"wp","href":"https:\/\/api.w.org\/{rel}","templated":true}]}}