{"id":15866,"date":"2020-04-23T00:05:51","date_gmt":"2020-04-22T22:05:51","guid":{"rendered":"https:\/\/alainlarivierephoto.com\/?p=15866"},"modified":"2020-04-02T22:24:16","modified_gmt":"2020-04-02T20:24:16","slug":"le-palais-des-delices-39nb-39","status":"publish","type":"post","link":"https:\/\/alainlarivierephoto.com\/?p=15866","title":{"rendered":"Le palais des d\u00e9lices"},"content":{"rendered":"<div id=\"attachment_15532\" style=\"width: 1290px\" class=\"wp-caption aligncenter\"><a href=\"https:\/\/alainlarivierephoto.com\/wp-content\/uploads\/2020\/02\/Le-palais-des-d\u00e9lices-39E_NB.jpg\"><img loading=\"lazy\" decoding=\"async\" aria-describedby=\"caption-attachment-15532\" class=\"size-full wp-image-15532 colorbox-15866\" src=\"https:\/\/alainlarivierephoto.com\/wp-content\/uploads\/2020\/02\/Le-palais-des-d\u00e9lices-39E_NB.jpg\" alt=\"Le palais des d\u00e9lices -39N&amp;B-\" width=\"1280\" height=\"854\" srcset=\"https:\/\/alainlarivierephoto.com\/wp-content\/uploads\/2020\/02\/Le-palais-des-d\u00e9lices-39E_NB.jpg 1280w, https:\/\/alainlarivierephoto.com\/wp-content\/uploads\/2020\/02\/Le-palais-des-d\u00e9lices-39E_NB-300x200.jpg 300w, https:\/\/alainlarivierephoto.com\/wp-content\/uploads\/2020\/02\/Le-palais-des-d\u00e9lices-39E_NB-180x120.jpg 180w, https:\/\/alainlarivierephoto.com\/wp-content\/uploads\/2020\/02\/Le-palais-des-d\u00e9lices-39E_NB-768x512.jpg 768w\" sizes=\"auto, (max-width: 1280px) 100vw, 1280px\" \/><\/a><p id=\"caption-attachment-15532\" class=\"wp-caption-text\">Le palais des d\u00e9lices -39N&amp;B-<\/p><\/div>\n<div id=\"attachment_15533\" style=\"width: 1290px\" class=\"wp-caption aligncenter\"><a href=\"https:\/\/alainlarivierephoto.com\/wp-content\/uploads\/2020\/02\/Le-palais-des-d\u00e9lices-39E.jpg\"><img loading=\"lazy\" decoding=\"async\" aria-describedby=\"caption-attachment-15533\" class=\"size-full wp-image-15533 colorbox-15866\" src=\"https:\/\/alainlarivierephoto.com\/wp-content\/uploads\/2020\/02\/Le-palais-des-d\u00e9lices-39E.jpg\" alt=\"Le palais des d\u00e9lices -39-\" width=\"1280\" height=\"854\" srcset=\"https:\/\/alainlarivierephoto.com\/wp-content\/uploads\/2020\/02\/Le-palais-des-d\u00e9lices-39E.jpg 1280w, https:\/\/alainlarivierephoto.com\/wp-content\/uploads\/2020\/02\/Le-palais-des-d\u00e9lices-39E-300x200.jpg 300w, https:\/\/alainlarivierephoto.com\/wp-content\/uploads\/2020\/02\/Le-palais-des-d\u00e9lices-39E-180x120.jpg 180w, https:\/\/alainlarivierephoto.com\/wp-content\/uploads\/2020\/02\/Le-palais-des-d\u00e9lices-39E-768x512.jpg 768w\" sizes=\"auto, (max-width: 1280px) 100vw, 1280px\" \/><\/a><p id=\"caption-attachment-15533\" class=\"wp-caption-text\">Le palais des d\u00e9lices -39-<\/p><\/div>\n<p>&nbsp;<\/p>\n<p>Le palais des d\u00e9lices<\/p>\n<p style=\"text-align: justify;\">Si vos papilles sont en attente de sensations fortes et vari\u00e9es et vos yeux en recherche de couleurs, je vous conseille de franchir la porte de \u00ab\u00a0L\u2019Epicurieux\u00a0\u00bb, boutique situ\u00e9e 1 place du March\u00e9 \u00e0 Saint-Yrieix-la-Perche, en Haute-Vienne.<br \/>\nVous y d\u00e9couvrirez un commerce \u00e0 l\u2019ancienne, loin des standards asseptis\u00e9s qu\u2019offre les magasins modernes. Une fois franchie la porte, tous vos sens sont stimul\u00e9s\u00a0: couleurs, odeurs et saveurs viennent \u00e0 votre rencontre. C\u2019est une farandole de fruits confis, berlingots, nougats, chocolats, marmelades, confitures et de bien d\u2019autres d\u00e9lices sucr\u00e9s, auxquels se joignent tisanes, th\u00e9s et plantes s\u00e9ch\u00e9es vari\u00e9es dans leurs bocaux \u00e0 l\u2019ancienne, ainsi que les grains de riz, s\u00e9same, \u00e9peautre, sarrazin, et la liste est longue, contenus dans des sacs en toile. Nous ne laisserons pas de c\u00f4t\u00e9 les fromages affin\u00e9s \u00e0 point et l\u2019\u00e9picerie fine. Des l\u00e9gumes et fruits frais viennent compl\u00e9ter cet inventaire \u00e0 la Pr\u00e9vert.<br \/>\nPartez \u00e0 la d\u00e9couverte des saveurs oubli\u00e9es et n\u2019h\u00e9sitez pas \u00e0 questionner la ma\u00eetresse des lieux qui saura guider vos achats\u2026Vous ne serez pas d\u00e9\u00e7u.<br \/>\n\u00ab\u00a0L\u2019Epicurieux\u00a0\u00bb, synth\u00e8se d\u2019Epicurien et de curieux, voil\u00e0 bien les deux qualit\u00e9s qu\u2019il vous faut pour d\u00e9couvrir cet espace de plaisirs gourmands\u00a0: les d\u00e9lices du palais.<\/p>\n","protected":false},"excerpt":{"rendered":"<p>&nbsp; Le palais des d\u00e9lices Si vos papilles sont en attente de sensations fortes et vari\u00e9es et vos yeux en recherche de couleurs, je vous conseille de franchir la porte de \u00ab\u00a0L\u2019Epicurieux\u00a0\u00bb, boutique situ\u00e9e 1 place du March\u00e9 \u00e0 Saint-Yrieix-la-Perche, en Haute-Vienne. Vous y d\u00e9couvrirez un commerce \u00e0 l\u2019ancienne, loin des standards asseptis\u00e9s qu\u2019offre les [&hellip;]<\/p>\n","protected":false},"author":1,"featured_media":0,"comment_status":"open","ping_status":"open","sticky":false,"template":"","format":"standard","meta":{"footnotes":"","_links_to":"","_links_to_target":""},"categories":[271],"tags":[212,685,1084],"class_list":["post-15866","post","type-post","status-publish","format-standard","hentry","category-reportages","tag-boutique","tag-epicerie","tag-palais-des-delices"],"_links":{"self":[{"href":"https:\/\/alainlarivierephoto.com\/index.php?rest_route=\/wp\/v2\/posts\/15866","targetHints":{"allow":["GET"]}}],"collection":[{"href":"https:\/\/alainlarivierephoto.com\/index.php?rest_route=\/wp\/v2\/posts"}],"about":[{"href":"https:\/\/alainlarivierephoto.com\/index.php?rest_route=\/wp\/v2\/types\/post"}],"author":[{"embeddable":true,"href":"https:\/\/alainlarivierephoto.com\/index.php?rest_route=\/wp\/v2\/users\/1"}],"replies":[{"embeddable":true,"href":"https:\/\/alainlarivierephoto.com\/index.php?rest_route=%2Fwp%2Fv2%2Fcomments&post=15866"}],"version-history":[{"count":1,"href":"https:\/\/alainlarivierephoto.com\/index.php?rest_route=\/wp\/v2\/posts\/15866\/revisions"}],"predecessor-version":[{"id":15867,"href":"https:\/\/alainlarivierephoto.com\/index.php?rest_route=\/wp\/v2\/posts\/15866\/revisions\/15867"}],"wp:attachment":[{"href":"https:\/\/alainlarivierephoto.com\/index.php?rest_route=%2Fwp%2Fv2%2Fmedia&parent=15866"}],"wp:term":[{"taxonomy":"category","embeddable":true,"href":"https:\/\/alainlarivierephoto.com\/index.php?rest_route=%2Fwp%2Fv2%2Fcategories&post=15866"},{"taxonomy":"post_tag","embeddable":true,"href":"https:\/\/alainlarivierephoto.com\/index.php?rest_route=%2Fwp%2Fv2%2Ftags&post=15866"}],"curies":[{"name":"wp","href":"https:\/\/api.w.org\/{rel}","templated":true}]}}