{"id":15827,"date":"2020-04-10T00:05:07","date_gmt":"2020-04-09T22:05:07","guid":{"rendered":"https:\/\/alainlarivierephoto.com\/?p=15827"},"modified":"2020-04-02T21:32:55","modified_gmt":"2020-04-02T19:32:55","slug":"dessous-de-parasol-1","status":"publish","type":"post","link":"https:\/\/alainlarivierephoto.com\/?p=15827","title":{"rendered":"Dessous de parasol"},"content":{"rendered":"<div id=\"attachment_15595\" style=\"width: 1290px\" class=\"wp-caption aligncenter\"><a href=\"https:\/\/alainlarivierephoto.com\/wp-content\/uploads\/2020\/02\/Dessous-de-parasol-01E.jpg\"><img loading=\"lazy\" decoding=\"async\" aria-describedby=\"caption-attachment-15595\" class=\"size-full wp-image-15595 colorbox-15827\" src=\"https:\/\/alainlarivierephoto.com\/wp-content\/uploads\/2020\/02\/Dessous-de-parasol-01E.jpg\" alt=\"Dessous de parasol -1-\" width=\"1280\" height=\"854\" srcset=\"https:\/\/alainlarivierephoto.com\/wp-content\/uploads\/2020\/02\/Dessous-de-parasol-01E.jpg 1280w, https:\/\/alainlarivierephoto.com\/wp-content\/uploads\/2020\/02\/Dessous-de-parasol-01E-300x200.jpg 300w, https:\/\/alainlarivierephoto.com\/wp-content\/uploads\/2020\/02\/Dessous-de-parasol-01E-180x120.jpg 180w, https:\/\/alainlarivierephoto.com\/wp-content\/uploads\/2020\/02\/Dessous-de-parasol-01E-768x512.jpg 768w\" sizes=\"auto, (max-width: 1280px) 100vw, 1280px\" \/><\/a><p id=\"caption-attachment-15595\" class=\"wp-caption-text\">Dessous de parasol<\/p><\/div>\n<p>&nbsp;<\/p>\n<p style=\"text-align: justify;\">Dessous de parasol<\/p>\n<p style=\"text-align: justify;\">Sujet simple en soit que ce parasol sous lequel je me tenais \u00e0 l\u2019abri du soleil, mais pourtant si graphique avec ces baleines noires fragmentant la toile rouge. Le rouge et le noir, deux couleurs qui s\u2019associent bien. Encore faut-il avoir l\u2019appareil photo \u00e0 port\u00e9e de main pour r\u00e9aliser cet ensemble de clich\u00e9s avec presque rien comme objet.<\/p>\n","protected":false},"excerpt":{"rendered":"<p>&nbsp; Dessous de parasol Sujet simple en soit que ce parasol sous lequel je me tenais \u00e0 l\u2019abri du soleil, mais pourtant si graphique avec ces baleines noires fragmentant la toile rouge. Le rouge et le noir, deux couleurs qui s\u2019associent bien. Encore faut-il avoir l\u2019appareil photo \u00e0 port\u00e9e de main pour r\u00e9aliser cet ensemble [&hellip;]<\/p>\n","protected":false},"author":1,"featured_media":0,"comment_status":"open","ping_status":"open","sticky":false,"template":"","format":"standard","meta":{"footnotes":"","_links_to":"","_links_to_target":""},"categories":[391],"tags":[392,1087],"class_list":["post-15827","post","type-post","status-publish","format-standard","hentry","category-graphisme","tag-parasol","tag-rouge-et-noir"],"_links":{"self":[{"href":"https:\/\/alainlarivierephoto.com\/index.php?rest_route=\/wp\/v2\/posts\/15827","targetHints":{"allow":["GET"]}}],"collection":[{"href":"https:\/\/alainlarivierephoto.com\/index.php?rest_route=\/wp\/v2\/posts"}],"about":[{"href":"https:\/\/alainlarivierephoto.com\/index.php?rest_route=\/wp\/v2\/types\/post"}],"author":[{"embeddable":true,"href":"https:\/\/alainlarivierephoto.com\/index.php?rest_route=\/wp\/v2\/users\/1"}],"replies":[{"embeddable":true,"href":"https:\/\/alainlarivierephoto.com\/index.php?rest_route=%2Fwp%2Fv2%2Fcomments&post=15827"}],"version-history":[{"count":1,"href":"https:\/\/alainlarivierephoto.com\/index.php?rest_route=\/wp\/v2\/posts\/15827\/revisions"}],"predecessor-version":[{"id":15828,"href":"https:\/\/alainlarivierephoto.com\/index.php?rest_route=\/wp\/v2\/posts\/15827\/revisions\/15828"}],"wp:attachment":[{"href":"https:\/\/alainlarivierephoto.com\/index.php?rest_route=%2Fwp%2Fv2%2Fmedia&parent=15827"}],"wp:term":[{"taxonomy":"category","embeddable":true,"href":"https:\/\/alainlarivierephoto.com\/index.php?rest_route=%2Fwp%2Fv2%2Fcategories&post=15827"},{"taxonomy":"post_tag","embeddable":true,"href":"https:\/\/alainlarivierephoto.com\/index.php?rest_route=%2Fwp%2Fv2%2Ftags&post=15827"}],"curies":[{"name":"wp","href":"https:\/\/api.w.org\/{rel}","templated":true}]}}