{"id":15812,"date":"2020-04-06T00:05:12","date_gmt":"2020-04-05T22:05:12","guid":{"rendered":"https:\/\/alainlarivierephoto.com\/?p=15812"},"modified":"2020-04-02T21:28:56","modified_gmt":"2020-04-02T19:28:56","slug":"rhyzobius-forestieri-larve-3-3r","status":"publish","type":"post","link":"https:\/\/alainlarivierephoto.com\/?p=15812","title":{"rendered":"Rhyzobius forestieri (larve)"},"content":{"rendered":"<div id=\"attachment_15579\" style=\"width: 1290px\" class=\"wp-caption aligncenter\"><a href=\"https:\/\/alainlarivierephoto.com\/wp-content\/uploads\/2020\/02\/Rhyzobius-forestieri-larve-03E.jpg\"><img loading=\"lazy\" decoding=\"async\" aria-describedby=\"caption-attachment-15579\" class=\"size-full wp-image-15579 colorbox-15812\" src=\"https:\/\/alainlarivierephoto.com\/wp-content\/uploads\/2020\/02\/Rhyzobius-forestieri-larve-03E.jpg\" alt=\"Rhyzobius forestieri (larve) -3-\" width=\"1280\" height=\"853\" srcset=\"https:\/\/alainlarivierephoto.com\/wp-content\/uploads\/2020\/02\/Rhyzobius-forestieri-larve-03E.jpg 1280w, https:\/\/alainlarivierephoto.com\/wp-content\/uploads\/2020\/02\/Rhyzobius-forestieri-larve-03E-300x200.jpg 300w, https:\/\/alainlarivierephoto.com\/wp-content\/uploads\/2020\/02\/Rhyzobius-forestieri-larve-03E-180x120.jpg 180w, https:\/\/alainlarivierephoto.com\/wp-content\/uploads\/2020\/02\/Rhyzobius-forestieri-larve-03E-768x512.jpg 768w\" sizes=\"auto, (max-width: 1280px) 100vw, 1280px\" \/><\/a><p id=\"caption-attachment-15579\" class=\"wp-caption-text\">Rhyzobius forestieri (larve)<\/p><\/div>\n<div id=\"attachment_15580\" style=\"width: 1290px\" class=\"wp-caption aligncenter\"><a href=\"https:\/\/alainlarivierephoto.com\/wp-content\/uploads\/2020\/02\/Rhyzobius-forestieri-larve-03ER.jpg\"><img loading=\"lazy\" decoding=\"async\" aria-describedby=\"caption-attachment-15580\" class=\"size-full wp-image-15580 colorbox-15812\" src=\"https:\/\/alainlarivierephoto.com\/wp-content\/uploads\/2020\/02\/Rhyzobius-forestieri-larve-03ER.jpg\" alt=\"Rhyzobius forestieri (larve) -3R-\" width=\"1280\" height=\"805\" srcset=\"https:\/\/alainlarivierephoto.com\/wp-content\/uploads\/2020\/02\/Rhyzobius-forestieri-larve-03ER.jpg 1280w, https:\/\/alainlarivierephoto.com\/wp-content\/uploads\/2020\/02\/Rhyzobius-forestieri-larve-03ER-300x189.jpg 300w, https:\/\/alainlarivierephoto.com\/wp-content\/uploads\/2020\/02\/Rhyzobius-forestieri-larve-03ER-180x113.jpg 180w, https:\/\/alainlarivierephoto.com\/wp-content\/uploads\/2020\/02\/Rhyzobius-forestieri-larve-03ER-768x483.jpg 768w\" sizes=\"auto, (max-width: 1280px) 100vw, 1280px\" \/><\/a><p id=\"caption-attachment-15580\" class=\"wp-caption-text\">Rhyzobius forestieri (larve)<\/p><\/div>\n<p>&nbsp;<\/p>\n<p>R\u00e8gne\u00a0: Animalia.<br \/>\nEmbranchement\u00a0: Arthropoda.<br \/>\nSous-embranchement\u00a0: Hexapoda.<br \/>\nClasse\u00a0: Insecta.<br \/>\nSous-Classe\u00a0: Pterygota.<br \/>\nInfra-classe\u00a0: Neoptera.<br \/>\nSuper-ordre\u00a0: Endopterygota.<br \/>\nOrdre\u00a0: Coleoptera.<br \/>\nFamille\u00a0: Coccinellidae.<br \/>\nSous-famille\u00a0: Coccidulinae.<br \/>\nGenre : <em>Rhyzobius<\/em>.<\/p>\n<p>Nom scientifique\u00a0: <em>Rhyzobius forestieri<\/em> (Mulsant, 1853).<br \/>\nNom commun\u00a0: Pas connu.<\/p>\n<p style=\"text-align: justify;\"><em>Rhyzobius forestieri<\/em> est un Col\u00e9opt\u00e8re de la famille des Coccinellid\u00e9s (Coccinellidae).<br \/>\nCette Coccinelle mesure environ 4 mm de long. Elle se reconna\u00eet \u00e0 ses longs poils soyeux et gris (sous loupe binoculaire) sur fond noir et \u00e0 son abdomen rouge.<br \/>\nCette esp\u00e8ce originaire d\u2019Australie a fait l\u2019objet de recherches par l\u2019INRA d\u2019Antibes qui a effectu\u00e9 des l\u00e2ch\u00e9s inoculatifs en septembre 1986 dans un verger de cl\u00e9mentiniers lourdement infest\u00e9 par la Cochenille noire de l\u2019olivier (Saissetia oleae), situ\u00e9 au Conservatoire botanique de l&rsquo;\u00eele de Porquerolles.<br \/>\nC\u2019est de l\u00e0 qu\u2019elle a commenc\u00e9 \u00e0 envahir le territoire fran\u00e7ais. L\u2019esp\u00e8ce est pr\u00e9sente maintenant dans de nombreux d\u00e9partements, dont le Loiret o\u00f9 ont \u00e9t\u00e9 observ\u00e9 les larves photographi\u00e9es.<\/p>\n","protected":false},"excerpt":{"rendered":"<p>&nbsp; R\u00e8gne\u00a0: Animalia. Embranchement\u00a0: Arthropoda. Sous-embranchement\u00a0: Hexapoda. Classe\u00a0: Insecta. Sous-Classe\u00a0: Pterygota. Infra-classe\u00a0: Neoptera. Super-ordre\u00a0: Endopterygota. Ordre\u00a0: Coleoptera. Famille\u00a0: Coccinellidae. Sous-famille\u00a0: Coccidulinae. Genre : Rhyzobius. Nom scientifique\u00a0: Rhyzobius forestieri (Mulsant, 1853). Nom commun\u00a0: Pas connu. Rhyzobius forestieri est un Col\u00e9opt\u00e8re de la famille des Coccinellid\u00e9s (Coccinellidae). Cette Coccinelle mesure environ 4 mm de long. Elle se [&hellip;]<\/p>\n","protected":false},"author":1,"featured_media":0,"comment_status":"open","ping_status":"open","sticky":false,"template":"","format":"standard","meta":{"footnotes":"","_links_to":"","_links_to_target":""},"categories":[13,6,8,7],"tags":[676,677,679,53,584,42,539,675],"class_list":["post-15812","post","type-post","status-publish","format-standard","hentry","category-coleopteres","category-faune","category-insectes","category-invertebres","tag-coccinellidae","tag-coccinellide","tag-coleoptera","tag-coleoptere","tag-insecta","tag-insecte","tag-larve","tag-rhyzobius-forestieri"],"_links":{"self":[{"href":"https:\/\/alainlarivierephoto.com\/index.php?rest_route=\/wp\/v2\/posts\/15812","targetHints":{"allow":["GET"]}}],"collection":[{"href":"https:\/\/alainlarivierephoto.com\/index.php?rest_route=\/wp\/v2\/posts"}],"about":[{"href":"https:\/\/alainlarivierephoto.com\/index.php?rest_route=\/wp\/v2\/types\/post"}],"author":[{"embeddable":true,"href":"https:\/\/alainlarivierephoto.com\/index.php?rest_route=\/wp\/v2\/users\/1"}],"replies":[{"embeddable":true,"href":"https:\/\/alainlarivierephoto.com\/index.php?rest_route=%2Fwp%2Fv2%2Fcomments&post=15812"}],"version-history":[{"count":4,"href":"https:\/\/alainlarivierephoto.com\/index.php?rest_route=\/wp\/v2\/posts\/15812\/revisions"}],"predecessor-version":[{"id":15824,"href":"https:\/\/alainlarivierephoto.com\/index.php?rest_route=\/wp\/v2\/posts\/15812\/revisions\/15824"}],"wp:attachment":[{"href":"https:\/\/alainlarivierephoto.com\/index.php?rest_route=%2Fwp%2Fv2%2Fmedia&parent=15812"}],"wp:term":[{"taxonomy":"category","embeddable":true,"href":"https:\/\/alainlarivierephoto.com\/index.php?rest_route=%2Fwp%2Fv2%2Fcategories&post=15812"},{"taxonomy":"post_tag","embeddable":true,"href":"https:\/\/alainlarivierephoto.com\/index.php?rest_route=%2Fwp%2Fv2%2Ftags&post=15812"}],"curies":[{"name":"wp","href":"https:\/\/api.w.org\/{rel}","templated":true}]}}