{"id":15805,"date":"2020-04-04T00:05:31","date_gmt":"2020-04-03T22:05:31","guid":{"rendered":"https:\/\/alainlarivierephoto.com\/?p=15805"},"modified":"2020-11-11T17:55:43","modified_gmt":"2020-11-11T16:55:43","slug":"les-tombes-de-loubli-fin-de-cycle-amen-26","status":"publish","type":"post","link":"https:\/\/alainlarivierephoto.com\/?p=15805","title":{"rendered":"Les tombes de l&rsquo;oubli : Fin de cycle&#8230;Amen"},"content":{"rendered":"<div id=\"attachment_15557\" style=\"width: 862px\" class=\"wp-caption aligncenter\"><a href=\"https:\/\/alainlarivierephoto.com\/wp-content\/uploads\/2020\/02\/Fin-de-cycle...amen-01E.jpg\"><img loading=\"lazy\" decoding=\"async\" aria-describedby=\"caption-attachment-15557\" class=\"wp-image-15557 size-full colorbox-15805\" src=\"https:\/\/alainlarivierephoto.com\/wp-content\/uploads\/2020\/02\/Fin-de-cycle...amen-01E.jpg\" alt=\"Les tombes de l'oubli : Fin de cycle...Amen -26-\" width=\"852\" height=\"1280\" srcset=\"https:\/\/alainlarivierephoto.com\/wp-content\/uploads\/2020\/02\/Fin-de-cycle...amen-01E.jpg 852w, https:\/\/alainlarivierephoto.com\/wp-content\/uploads\/2020\/02\/Fin-de-cycle...amen-01E-200x300.jpg 200w, https:\/\/alainlarivierephoto.com\/wp-content\/uploads\/2020\/02\/Fin-de-cycle...amen-01E-120x180.jpg 120w, https:\/\/alainlarivierephoto.com\/wp-content\/uploads\/2020\/02\/Fin-de-cycle...amen-01E-768x1154.jpg 768w\" sizes=\"auto, (max-width: 852px) 100vw, 852px\" \/><\/a><p id=\"caption-attachment-15557\" class=\"wp-caption-text\">Les tombes de l&rsquo;oubli : Fin de cycle&#8230;Amen<\/p><\/div>\n<p>&nbsp;<\/p>\n<p style=\"text-align: justify;\">Reportage sur les s\u00e9pultures abandonn\u00e9es et le th\u00e8me de l&rsquo;oubli.<\/p>\n<p style=\"text-align: justify;\">Le travail photographique montre des tombes abandonn\u00e9es, d\u00e9labr\u00e9es, o\u00f9 m\u00eame la notion de concession perp\u00e9tuelle n&rsquo;a plus cours pour les plus anciennes. A ces s\u00e9pultures on ne peut dissocier la notion d&rsquo;oubli, d&rsquo;o\u00f9 le titre de la s\u00e9rie.<br \/>\nApr\u00e8s la disparition physique des d\u00e9funts vient celle de leur identit\u00e9 qui, sur de nombreuses tombes, ou ce qu&rsquo;il en reste, n&rsquo;apparait plus. Alors il n&rsquo;y a plus trace du passage des personnes sur terre : c&rsquo;est l&rsquo;oubli \u00e0 perp\u00e9tuit\u00e9.<br \/>\nL&rsquo;\u00e9ternit\u00e9 des \u00e2mes errantes.<br \/>\n\u00ab La mort, si nous voulons nommer ainsi cette irr\u00e9alit\u00e9, est la chose la plus redoutable. \u00bb<br \/>\nHegel, La Ph\u00e9nom\u00e9nologie de l&rsquo;Esprit, 1807.<br \/>\nQu&rsquo;est-ce donc qu&rsquo;oublier si ce n&rsquo;est pas mourir ?<br \/>\nMusset (Alfred de)<\/p>\n","protected":false},"excerpt":{"rendered":"<p>&nbsp; Reportage sur les s\u00e9pultures abandonn\u00e9es et le th\u00e8me de l&rsquo;oubli. Le travail photographique montre des tombes abandonn\u00e9es, d\u00e9labr\u00e9es, o\u00f9 m\u00eame la notion de concession perp\u00e9tuelle n&rsquo;a plus cours pour les plus anciennes. A ces s\u00e9pultures on ne peut dissocier la notion d&rsquo;oubli, d&rsquo;o\u00f9 le titre de la s\u00e9rie. Apr\u00e8s la disparition physique des d\u00e9funts [&hellip;]<\/p>\n","protected":false},"author":1,"featured_media":0,"comment_status":"open","ping_status":"open","sticky":false,"template":"","format":"standard","meta":{"footnotes":"","_links_to":"","_links_to_target":""},"categories":[12,1,271],"tags":[766,765,764],"class_list":["post-15805","post","type-post","status-publish","format-standard","hentry","category-les-tombes-de-l-oubli","category-non-classe","category-reportages","tag-cimetiere","tag-sepulture","tag-tombe"],"_links":{"self":[{"href":"https:\/\/alainlarivierephoto.com\/index.php?rest_route=\/wp\/v2\/posts\/15805","targetHints":{"allow":["GET"]}}],"collection":[{"href":"https:\/\/alainlarivierephoto.com\/index.php?rest_route=\/wp\/v2\/posts"}],"about":[{"href":"https:\/\/alainlarivierephoto.com\/index.php?rest_route=\/wp\/v2\/types\/post"}],"author":[{"embeddable":true,"href":"https:\/\/alainlarivierephoto.com\/index.php?rest_route=\/wp\/v2\/users\/1"}],"replies":[{"embeddable":true,"href":"https:\/\/alainlarivierephoto.com\/index.php?rest_route=%2Fwp%2Fv2%2Fcomments&post=15805"}],"version-history":[{"count":5,"href":"https:\/\/alainlarivierephoto.com\/index.php?rest_route=\/wp\/v2\/posts\/15805\/revisions"}],"predecessor-version":[{"id":16135,"href":"https:\/\/alainlarivierephoto.com\/index.php?rest_route=\/wp\/v2\/posts\/15805\/revisions\/16135"}],"wp:attachment":[{"href":"https:\/\/alainlarivierephoto.com\/index.php?rest_route=%2Fwp%2Fv2%2Fmedia&parent=15805"}],"wp:term":[{"taxonomy":"category","embeddable":true,"href":"https:\/\/alainlarivierephoto.com\/index.php?rest_route=%2Fwp%2Fv2%2Fcategories&post=15805"},{"taxonomy":"post_tag","embeddable":true,"href":"https:\/\/alainlarivierephoto.com\/index.php?rest_route=%2Fwp%2Fv2%2Ftags&post=15805"}],"curies":[{"name":"wp","href":"https:\/\/api.w.org\/{rel}","templated":true}]}}