{"id":15773,"date":"2020-03-25T00:05:19","date_gmt":"2020-03-24T23:05:19","guid":{"rendered":"https:\/\/alainlarivierephoto.com\/?p=15773"},"modified":"2020-03-05T11:38:57","modified_gmt":"2020-03-05T10:38:57","slug":"phlox-subulata-le-phlox-subule-2","status":"publish","type":"post","link":"https:\/\/alainlarivierephoto.com\/?p=15773","title":{"rendered":"Phlox subulata, le Phlox subul\u00e9"},"content":{"rendered":"<div id=\"attachment_15573\" style=\"width: 1290px\" class=\"wp-caption aligncenter\"><a href=\"https:\/\/alainlarivierephoto.com\/wp-content\/uploads\/2020\/02\/Phlox-subulata-02E.jpg\"><img loading=\"lazy\" decoding=\"async\" aria-describedby=\"caption-attachment-15573\" class=\"size-full wp-image-15573 colorbox-15773\" src=\"https:\/\/alainlarivierephoto.com\/wp-content\/uploads\/2020\/02\/Phlox-subulata-02E.jpg\" alt=\"Phlox subulata, le Phlox subul\u00e9 -2-\" width=\"1280\" height=\"854\" srcset=\"https:\/\/alainlarivierephoto.com\/wp-content\/uploads\/2020\/02\/Phlox-subulata-02E.jpg 1280w, https:\/\/alainlarivierephoto.com\/wp-content\/uploads\/2020\/02\/Phlox-subulata-02E-300x200.jpg 300w, https:\/\/alainlarivierephoto.com\/wp-content\/uploads\/2020\/02\/Phlox-subulata-02E-180x120.jpg 180w, https:\/\/alainlarivierephoto.com\/wp-content\/uploads\/2020\/02\/Phlox-subulata-02E-768x512.jpg 768w\" sizes=\"auto, (max-width: 1280px) 100vw, 1280px\" \/><\/a><p id=\"caption-attachment-15573\" class=\"wp-caption-text\">Phlox subulata, le Phlox subul\u00e9<\/p><\/div>\n<p>&nbsp;<\/p>\n<p>R\u00e8gne\u00a0: Plantae.<br \/>\nSous-r\u00e8gne\u00a0: Tracheobionta.<br \/>\nDivision\u00a0: Magnoliophyta.<br \/>\nClasse\u00a0: Magnoliopsida.<br \/>\nSous-classe\u00a0: Asteridae.<br \/>\nOrdre\u00a0: Solanales.<br \/>\nFamille\u00a0: Polemoniaceae.<br \/>\nGenre\u00a0: <em>Phlox<\/em>.<\/p>\n<p>Nom scientifique\u00a0: <em>Phlox subulata<\/em> Linn\u00e9, 1753.<br \/>\nNom(s) commun(s)\u00a0: Phlox subul\u00e9\u00a0; Phlox mousse\u00a0; Phlox rampant.<\/p>\n<p style=\"text-align: justify;\">Le Phlox subul\u00e9 (<em>Phlox subulata<\/em>) est une plante vivace de la famille des Pol\u00e9moniac\u00e9es (Polemoniaceae).<br \/>\nCette esp\u00e8ce a un port tapissant, d\u2019une hauteur de 0,10 \u00e0 0,15 cm.<br \/>\nLes fleurs ont une forme \u00e9toil\u00e9e, avec une corolle \u00e0 cinq p\u00e9tales refendus. Les coloris sont vari\u00e9s\u00a0: bleu, mauve, rose, rouge carmin et blanc selon le cultivar. Floraison d\u2019avril \u00e0 mai selon la r\u00e9gion et le climat.<br \/>\nLe Phlox est originaire du centre et de l\u2019est des Etats-Unis.<\/p>\n","protected":false},"excerpt":{"rendered":"<p>&nbsp; R\u00e8gne\u00a0: Plantae. Sous-r\u00e8gne\u00a0: Tracheobionta. Division\u00a0: Magnoliophyta. Classe\u00a0: Magnoliopsida. Sous-classe\u00a0: Asteridae. Ordre\u00a0: Solanales. Famille\u00a0: Polemoniaceae. Genre\u00a0: Phlox. Nom scientifique\u00a0: Phlox subulata Linn\u00e9, 1753. Nom(s) commun(s)\u00a0: Phlox subul\u00e9\u00a0; Phlox mousse\u00a0; Phlox rampant. Le Phlox subul\u00e9 (Phlox subulata) est une plante vivace de la famille des Pol\u00e9moniac\u00e9es (Polemoniaceae). Cette esp\u00e8ce a un port tapissant, d\u2019une hauteur de [&hellip;]<\/p>\n","protected":false},"author":1,"featured_media":0,"comment_status":"open","ping_status":"open","sticky":false,"template":"","format":"standard","meta":{"footnotes":"","_links_to":"","_links_to_target":""},"categories":[15,14,18],"tags":[738,695,696,693,694,906,512,698,697],"class_list":["post-15773","post","type-post","status-publish","format-standard","hentry","category-au-coeur-des-fleurs","category-flore","category-textures-vegetales","tag-fleur","tag-phlox-mousse","tag-phlox-rampant","tag-phlox-subulata","tag-phlox-subule","tag-plantae","tag-plante","tag-polemoniaceae","tag-polemoniacee"],"_links":{"self":[{"href":"https:\/\/alainlarivierephoto.com\/index.php?rest_route=\/wp\/v2\/posts\/15773","targetHints":{"allow":["GET"]}}],"collection":[{"href":"https:\/\/alainlarivierephoto.com\/index.php?rest_route=\/wp\/v2\/posts"}],"about":[{"href":"https:\/\/alainlarivierephoto.com\/index.php?rest_route=\/wp\/v2\/types\/post"}],"author":[{"embeddable":true,"href":"https:\/\/alainlarivierephoto.com\/index.php?rest_route=\/wp\/v2\/users\/1"}],"replies":[{"embeddable":true,"href":"https:\/\/alainlarivierephoto.com\/index.php?rest_route=%2Fwp%2Fv2%2Fcomments&post=15773"}],"version-history":[{"count":3,"href":"https:\/\/alainlarivierephoto.com\/index.php?rest_route=\/wp\/v2\/posts\/15773\/revisions"}],"predecessor-version":[{"id":15776,"href":"https:\/\/alainlarivierephoto.com\/index.php?rest_route=\/wp\/v2\/posts\/15773\/revisions\/15776"}],"wp:attachment":[{"href":"https:\/\/alainlarivierephoto.com\/index.php?rest_route=%2Fwp%2Fv2%2Fmedia&parent=15773"}],"wp:term":[{"taxonomy":"category","embeddable":true,"href":"https:\/\/alainlarivierephoto.com\/index.php?rest_route=%2Fwp%2Fv2%2Fcategories&post=15773"},{"taxonomy":"post_tag","embeddable":true,"href":"https:\/\/alainlarivierephoto.com\/index.php?rest_route=%2Fwp%2Fv2%2Ftags&post=15773"}],"curies":[{"name":"wp","href":"https:\/\/api.w.org\/{rel}","templated":true}]}}