{"id":15753,"date":"2020-03-18T00:05:42","date_gmt":"2020-03-17T23:05:42","guid":{"rendered":"https:\/\/alainlarivierephoto.com\/?p=15753"},"modified":"2020-03-05T11:12:37","modified_gmt":"2020-03-05T10:12:37","slug":"meleze-enflamme","status":"publish","type":"post","link":"https:\/\/alainlarivierephoto.com\/?p=15753","title":{"rendered":"M\u00e9l\u00e8ze enflamm\u00e9"},"content":{"rendered":"<div id=\"attachment_15569\" style=\"width: 864px\" class=\"wp-caption aligncenter\"><a href=\"https:\/\/alainlarivierephoto.com\/wp-content\/uploads\/2020\/02\/Le-M\u00e9l\u00e8ze-enflamm\u00e9-01E.jpg\"><img loading=\"lazy\" decoding=\"async\" aria-describedby=\"caption-attachment-15569\" class=\"size-full wp-image-15569 colorbox-15753\" src=\"https:\/\/alainlarivierephoto.com\/wp-content\/uploads\/2020\/02\/Le-M\u00e9l\u00e8ze-enflamm\u00e9-01E.jpg\" alt=\"M\u00e9l\u00e8ze enflamm\u00e9\" width=\"854\" height=\"1280\" srcset=\"https:\/\/alainlarivierephoto.com\/wp-content\/uploads\/2020\/02\/Le-M\u00e9l\u00e8ze-enflamm\u00e9-01E.jpg 854w, https:\/\/alainlarivierephoto.com\/wp-content\/uploads\/2020\/02\/Le-M\u00e9l\u00e8ze-enflamm\u00e9-01E-200x300.jpg 200w, https:\/\/alainlarivierephoto.com\/wp-content\/uploads\/2020\/02\/Le-M\u00e9l\u00e8ze-enflamm\u00e9-01E-120x180.jpg 120w, https:\/\/alainlarivierephoto.com\/wp-content\/uploads\/2020\/02\/Le-M\u00e9l\u00e8ze-enflamm\u00e9-01E-768x1151.jpg 768w\" sizes=\"auto, (max-width: 854px) 100vw, 854px\" \/><\/a><p id=\"caption-attachment-15569\" class=\"wp-caption-text\">M\u00e9l\u00e8ze enflamm\u00e9<\/p><\/div>\n<p>&nbsp;<\/p>\n<p>M\u00e9l\u00e8ze enflamm\u00e9<\/p>\n<p>A l\u2019automne, d\u00e8s les premiers frimas, le M\u00e9l\u00e8ze s\u2019enflamme, attirant notre regard avant de retomber dans l\u2019oubli parmi ses compagnons \u00e0 feuillage caduque.<\/p>\n","protected":false},"excerpt":{"rendered":"<p>&nbsp; M\u00e9l\u00e8ze enflamm\u00e9 A l\u2019automne, d\u00e8s les premiers frimas, le M\u00e9l\u00e8ze s\u2019enflamme, attirant notre regard avant de retomber dans l\u2019oubli parmi ses compagnons \u00e0 feuillage caduque.<\/p>\n","protected":false},"author":1,"featured_media":0,"comment_status":"open","ping_status":"open","sticky":false,"template":"","format":"standard","meta":{"footnotes":"","_links_to":"","_links_to_target":""},"categories":[32,18],"tags":[33,814],"class_list":["post-15753","post","type-post","status-publish","format-standard","hentry","category-frondaisons","category-textures-vegetales","tag-arbre","tag-meleze"],"_links":{"self":[{"href":"https:\/\/alainlarivierephoto.com\/index.php?rest_route=\/wp\/v2\/posts\/15753","targetHints":{"allow":["GET"]}}],"collection":[{"href":"https:\/\/alainlarivierephoto.com\/index.php?rest_route=\/wp\/v2\/posts"}],"about":[{"href":"https:\/\/alainlarivierephoto.com\/index.php?rest_route=\/wp\/v2\/types\/post"}],"author":[{"embeddable":true,"href":"https:\/\/alainlarivierephoto.com\/index.php?rest_route=\/wp\/v2\/users\/1"}],"replies":[{"embeddable":true,"href":"https:\/\/alainlarivierephoto.com\/index.php?rest_route=%2Fwp%2Fv2%2Fcomments&post=15753"}],"version-history":[{"count":1,"href":"https:\/\/alainlarivierephoto.com\/index.php?rest_route=\/wp\/v2\/posts\/15753\/revisions"}],"predecessor-version":[{"id":15754,"href":"https:\/\/alainlarivierephoto.com\/index.php?rest_route=\/wp\/v2\/posts\/15753\/revisions\/15754"}],"wp:attachment":[{"href":"https:\/\/alainlarivierephoto.com\/index.php?rest_route=%2Fwp%2Fv2%2Fmedia&parent=15753"}],"wp:term":[{"taxonomy":"category","embeddable":true,"href":"https:\/\/alainlarivierephoto.com\/index.php?rest_route=%2Fwp%2Fv2%2Fcategories&post=15753"},{"taxonomy":"post_tag","embeddable":true,"href":"https:\/\/alainlarivierephoto.com\/index.php?rest_route=%2Fwp%2Fv2%2Ftags&post=15753"}],"curies":[{"name":"wp","href":"https:\/\/api.w.org\/{rel}","templated":true}]}}