{"id":15413,"date":"2020-02-23T00:05:47","date_gmt":"2020-02-22T23:05:47","guid":{"rendered":"https:\/\/alainlarivierephoto.com\/?p=15413"},"modified":"2020-02-17T19:08:00","modified_gmt":"2020-02-17T18:08:00","slug":"le-cimetiere-des-moines-1m2_infrarouge_nb-1m2_nb-1m2-1n","status":"publish","type":"post","link":"https:\/\/alainlarivierephoto.com\/?p=15413","title":{"rendered":"Le cimeti\u00e8re des moines"},"content":{"rendered":"<div id=\"attachment_15322\" style=\"width: 1290px\" class=\"wp-caption aligncenter\"><a href=\"https:\/\/alainlarivierephoto.com\/wp-content\/uploads\/2020\/02\/Le-cimeti\u00e8re-des-moines-01EM2_infrarouge_NB.jpg\"><img loading=\"lazy\" decoding=\"async\" aria-describedby=\"caption-attachment-15322\" class=\"size-full wp-image-15322 colorbox-15413\" src=\"https:\/\/alainlarivierephoto.com\/wp-content\/uploads\/2020\/02\/Le-cimeti\u00e8re-des-moines-01EM2_infrarouge_NB.jpg\" alt=\"Le cimeti\u00e8re des moines -1M2_INFRAROUGE_N&amp;B-\" width=\"1280\" height=\"854\" \/><\/a><p id=\"caption-attachment-15322\" class=\"wp-caption-text\">Le cimeti\u00e8re des moines<\/p><\/div>\n<div id=\"attachment_15323\" style=\"width: 1290px\" class=\"wp-caption aligncenter\"><a href=\"https:\/\/alainlarivierephoto.com\/wp-content\/uploads\/2020\/02\/Le-cimeti\u00e8re-des-moines-01EM2_NB.jpg\"><img loading=\"lazy\" decoding=\"async\" aria-describedby=\"caption-attachment-15323\" class=\"size-full wp-image-15323 colorbox-15413\" src=\"https:\/\/alainlarivierephoto.com\/wp-content\/uploads\/2020\/02\/Le-cimeti\u00e8re-des-moines-01EM2_NB.jpg\" alt=\"Le cimeti\u00e8re des moines -1M2_N&amp;B-\" width=\"1280\" height=\"854\" \/><\/a><p id=\"caption-attachment-15323\" class=\"wp-caption-text\">Le cimeti\u00e8re des moines<\/p><\/div>\n<div id=\"attachment_15324\" style=\"width: 1290px\" class=\"wp-caption aligncenter\"><a href=\"https:\/\/alainlarivierephoto.com\/wp-content\/uploads\/2020\/02\/Le-cimeti\u00e8re-des-moines-01EM2.jpg\"><img loading=\"lazy\" decoding=\"async\" aria-describedby=\"caption-attachment-15324\" class=\"size-full wp-image-15324 colorbox-15413\" src=\"https:\/\/alainlarivierephoto.com\/wp-content\/uploads\/2020\/02\/Le-cimeti\u00e8re-des-moines-01EM2.jpg\" alt=\"Le cimeti\u00e8re des moines -1M2-\" width=\"1280\" height=\"854\" \/><\/a><p id=\"caption-attachment-15324\" class=\"wp-caption-text\">Le cimeti\u00e8re des moines<\/p><\/div>\n<div id=\"attachment_15325\" style=\"width: 1290px\" class=\"wp-caption aligncenter\"><a href=\"https:\/\/alainlarivierephoto.com\/wp-content\/uploads\/2020\/02\/Le-cimeti\u00e8re-des-moines-01EN.jpg\"><img loading=\"lazy\" decoding=\"async\" aria-describedby=\"caption-attachment-15325\" class=\"size-full wp-image-15325 colorbox-15413\" src=\"https:\/\/alainlarivierephoto.com\/wp-content\/uploads\/2020\/02\/Le-cimeti\u00e8re-des-moines-01EN.jpg\" alt=\"Le cimeti\u00e8re des moines -1N-\" width=\"1280\" height=\"854\" \/><\/a><p id=\"caption-attachment-15325\" class=\"wp-caption-text\">Le cimeti\u00e8re des moines<\/p><\/div>\n<p>&nbsp;<\/p>\n<p>Le cimeti\u00e8re des moines<\/p>\n<p style=\"text-align: justify;\">Une tradition veut que Roger, vicomte de Limoges, ait fond\u00e9 en 801 un premier monast\u00e8re en ce lieu et que celui-ci ait \u00e9t\u00e9 d\u00e9truit par les Normands lors de leur incursion en Limousin, en 846. Vers l\u2019an mil, ses descendants dressent sur cet \u00e9paulement naturel une tour appel\u00e9e en langue romane \u00ab\u00a0castellare\u00a0\u00bb qui se transforma en Chalard.<br \/>\nEn 1088, un pr\u00eatre et ses deux compagnons vinrent s\u2019installer sur les ruines de l\u2019ancien monast\u00e8re. Du nom de Geoffroy, il serait n\u00e9 pr\u00e8s du village de Noth, \u00e0 l&rsquo;est de La Souterraine. Apr\u00e8s des \u00e9tudes assez pouss\u00e9es \u00e0 Tours il vint ensuite enseigner \u00e0 Limoges. Sur les conseils d&rsquo;un riche marchand chez qui il logeait, Pierre Brun, il se fit ordonner pr\u00eatre \u00e0 P\u00e9rigueux vers 1087. Lors de son voyage d&rsquo;ordination, il avait remarqu\u00e9 la for\u00eat de Courbefy qu&rsquo;il traversait\u00a0; c\u2019est \u00e0 son retour qu\u2019il prit la d\u00e9cision d&rsquo;y vivre en ermite. En 1100, Geoffroy construisit une petite \u00e9glise d\u00e9di\u00e9e \u00e0 la Vierge gr\u00e2ce aux subsides d\u2019un archidiacre de Limoges, Pierre Bruchard. C\u2019est l\u2019\u00e9v\u00eaque de P\u00e9rigueux, Renaud de Thiviers, qui consacra l\u2019\u00e9difice. Le pr\u00e9lat conseilla \u00e0 l\u2019ermite de cr\u00e9er une communaut\u00e9 de chanoines ob\u00e9issant \u00e0 la r\u00e8gle de Saint Augustin et le vicomte de Limoges et sa m\u00e8re lui firent cadeau du site. Geoffroy mourut en 1125 et fut inhum\u00e9 dans l\u2019abbatiale pr\u00e8s de son ancien oratoire\u00a0; quelques ann\u00e9es plus tard, son grand ami, Gouffier de Lastours, h\u00e9ros de la premi\u00e8re croisade, fut enterr\u00e9 dans une tombe aux armes des Lastours, dans l&rsquo;\u00e9glise, contre son tombeau. Le Gouffier de Lastours enterr\u00e9 avec son \u00e9pouse, Agn\u00e8s d&rsquo;Aubusson dans la salle capitulaire est celui qui v\u00e9cut environ cent ans plus tard.<br \/>\nLe prieur\u00e9 subit des ravages lors de la guerre de Cent Ans. En 1419, un certain Beauchamp \u00e0 la t\u00eate d&rsquo;une bande arm\u00e9e se retranche dans le prieur\u00e9. Une arm\u00e9e men\u00e9e par les seigneurs du voisinage les en d\u00e9loge le 14 avril 1421\u00a0; mais le prieur\u00e9 est en piteux \u00e9tat, la nef de l\u2019abbatiale ayant \u00e9t\u00e9 totalement d\u00e9truite. \u00c0 la fin du XVIIe\u00a0si\u00e8cle, les derniers chanoines quittent l\u2019abbaye qui est vendue comme bien national \u00e0 la R\u00e9volution.<br \/>\n\u00c0 la R\u00e9volution fran\u00e7aise, la paroisse devient une commune mais fusionne presque aussit\u00f4t avec celle de Ladignac-le-Long. Ce n&rsquo;est qu&rsquo;en 1867 que Le Chalard redeviendra une commune ind\u00e9pendante.<br \/>\nLe Chalard (Lu Chaslar en occitan) est une commune situ\u00e9e dans le d\u00e9partement de la Haute-Vienne, en r\u00e9gion Limousin.<br \/>\n\u00c0 l&rsquo;extr\u00eame sud du d\u00e9partement de la Haute-Vienne, la commune du Chalard est limit\u00e9e par l&rsquo;Isle, principal affluent de la Dordogne, qui la s\u00e9pare \u00e0 l&rsquo;est de Saint-Yrieix-la-Perche et au sud de Jumilhac-le-Grand, dans le d\u00e9partement de la Dordogne. La commune est \u00e9galement arros\u00e9e \u00e0 l&rsquo;est par un petit affluent de l&rsquo;Isle, le ruisseau Noir (ou ruisseau du Moulin de Busseix).<br \/>\nL&rsquo;altitude minimale, 237\u00a0m\u00e8tres, se trouve au sud-ouest, l\u00e0 o\u00f9 l&rsquo;Isle quitte la commune pour entrer sur celle de Jumilhac-le-Grand. L&rsquo;altitude maximale avec 369\u00a0m\u00e8tres est localis\u00e9e au nord, en for\u00eat du Chalard, \u00e0 quelques dizaines de m\u00e8tres du territoire communal de Ladignac-le-Long.<br \/>\nLe village du Chalard s&rsquo;est d\u00e9velopp\u00e9 sur un \u00e9peron rocheux au-dessus des gorges de l&rsquo;Isle. \u00c0 l&rsquo;intersection des routes d\u00e9partementales 59a2 et 901, il se situe, sept kilom\u00e8tres au nord-ouest de Saint-Yrieix-la-Perche et seize kilom\u00e8tres au sud-sud-ouest de Nexon.<\/p>\n","protected":false},"excerpt":{"rendered":"<p>&nbsp; Le cimeti\u00e8re des moines Une tradition veut que Roger, vicomte de Limoges, ait fond\u00e9 en 801 un premier monast\u00e8re en ce lieu et que celui-ci ait \u00e9t\u00e9 d\u00e9truit par les Normands lors de leur incursion en Limousin, en 846. Vers l\u2019an mil, ses descendants dressent sur cet \u00e9paulement naturel une tour appel\u00e9e en langue [&hellip;]<\/p>\n","protected":false},"author":1,"featured_media":0,"comment_status":"open","ping_status":"open","sticky":false,"template":"","format":"standard","meta":{"footnotes":"","_links_to":"","_links_to_target":""},"categories":[687,271],"tags":[766,793,689,688,765],"class_list":["post-15413","post","type-post","status-publish","format-standard","hentry","category-architecture","category-reportages","tag-cimetiere","tag-eglise","tag-le-chalard","tag-moine","tag-sepulture"],"_links":{"self":[{"href":"https:\/\/alainlarivierephoto.com\/index.php?rest_route=\/wp\/v2\/posts\/15413","targetHints":{"allow":["GET"]}}],"collection":[{"href":"https:\/\/alainlarivierephoto.com\/index.php?rest_route=\/wp\/v2\/posts"}],"about":[{"href":"https:\/\/alainlarivierephoto.com\/index.php?rest_route=\/wp\/v2\/types\/post"}],"author":[{"embeddable":true,"href":"https:\/\/alainlarivierephoto.com\/index.php?rest_route=\/wp\/v2\/users\/1"}],"replies":[{"embeddable":true,"href":"https:\/\/alainlarivierephoto.com\/index.php?rest_route=%2Fwp%2Fv2%2Fcomments&post=15413"}],"version-history":[{"count":3,"href":"https:\/\/alainlarivierephoto.com\/index.php?rest_route=\/wp\/v2\/posts\/15413\/revisions"}],"predecessor-version":[{"id":15417,"href":"https:\/\/alainlarivierephoto.com\/index.php?rest_route=\/wp\/v2\/posts\/15413\/revisions\/15417"}],"wp:attachment":[{"href":"https:\/\/alainlarivierephoto.com\/index.php?rest_route=%2Fwp%2Fv2%2Fmedia&parent=15413"}],"wp:term":[{"taxonomy":"category","embeddable":true,"href":"https:\/\/alainlarivierephoto.com\/index.php?rest_route=%2Fwp%2Fv2%2Fcategories&post=15413"},{"taxonomy":"post_tag","embeddable":true,"href":"https:\/\/alainlarivierephoto.com\/index.php?rest_route=%2Fwp%2Fv2%2Ftags&post=15413"}],"curies":[{"name":"wp","href":"https:\/\/api.w.org\/{rel}","templated":true}]}}