{"id":15150,"date":"2020-02-03T11:24:31","date_gmt":"2020-02-03T10:24:31","guid":{"rendered":"https:\/\/alainlarivierephoto.com\/?p=15150"},"modified":"2020-02-03T11:27:39","modified_gmt":"2020-02-03T10:27:39","slug":"la-vieille-maison-abandonnee-la-chambre-1-2nb-2sepia-2","status":"publish","type":"post","link":"https:\/\/alainlarivierephoto.com\/?p=15150","title":{"rendered":"La vieille maison abandonn\u00e9e, la chambre 1"},"content":{"rendered":"<div id=\"attachment_15141\" style=\"width: 1290px\" class=\"wp-caption aligncenter\"><a href=\"https:\/\/alainlarivierephoto.com\/wp-content\/uploads\/2020\/02\/La-chambre-1-de-la-vieille-maison-abandonn\u00e9e-02E_NB.jpg\"><img loading=\"lazy\" decoding=\"async\" aria-describedby=\"caption-attachment-15141\" class=\"size-full wp-image-15141 colorbox-15150\" src=\"https:\/\/alainlarivierephoto.com\/wp-content\/uploads\/2020\/02\/La-chambre-1-de-la-vieille-maison-abandonn\u00e9e-02E_NB.jpg\" alt=\"La vieille maison abandonn\u00e9e, la chambre 1 -2N&amp;B-\" width=\"1280\" height=\"854\" srcset=\"https:\/\/alainlarivierephoto.com\/wp-content\/uploads\/2020\/02\/La-chambre-1-de-la-vieille-maison-abandonn\u00e9e-02E_NB.jpg 1280w, https:\/\/alainlarivierephoto.com\/wp-content\/uploads\/2020\/02\/La-chambre-1-de-la-vieille-maison-abandonn\u00e9e-02E_NB-300x200.jpg 300w, https:\/\/alainlarivierephoto.com\/wp-content\/uploads\/2020\/02\/La-chambre-1-de-la-vieille-maison-abandonn\u00e9e-02E_NB-180x120.jpg 180w, https:\/\/alainlarivierephoto.com\/wp-content\/uploads\/2020\/02\/La-chambre-1-de-la-vieille-maison-abandonn\u00e9e-02E_NB-768x512.jpg 768w\" sizes=\"auto, (max-width: 1280px) 100vw, 1280px\" \/><\/a><p id=\"caption-attachment-15141\" class=\"wp-caption-text\">La vieille maison abandonn\u00e9e, la chambre 1<\/p><\/div>\n<div id=\"attachment_15142\" style=\"width: 1290px\" class=\"wp-caption aligncenter\"><a href=\"https:\/\/alainlarivierephoto.com\/wp-content\/uploads\/2020\/02\/La-chambre-1-de-la-vieille-maison-abandonn\u00e9e-02E_s\u00e9pia.jpg\"><img loading=\"lazy\" decoding=\"async\" aria-describedby=\"caption-attachment-15142\" class=\"size-full wp-image-15142 colorbox-15150\" src=\"https:\/\/alainlarivierephoto.com\/wp-content\/uploads\/2020\/02\/La-chambre-1-de-la-vieille-maison-abandonn\u00e9e-02E_s\u00e9pia.jpg\" alt=\"La vieille maison abandonn\u00e9e, la chambre 1 -2s\u00e9pia-\" width=\"1280\" height=\"854\" srcset=\"https:\/\/alainlarivierephoto.com\/wp-content\/uploads\/2020\/02\/La-chambre-1-de-la-vieille-maison-abandonn\u00e9e-02E_s\u00e9pia.jpg 1280w, https:\/\/alainlarivierephoto.com\/wp-content\/uploads\/2020\/02\/La-chambre-1-de-la-vieille-maison-abandonn\u00e9e-02E_s\u00e9pia-300x200.jpg 300w, https:\/\/alainlarivierephoto.com\/wp-content\/uploads\/2020\/02\/La-chambre-1-de-la-vieille-maison-abandonn\u00e9e-02E_s\u00e9pia-180x120.jpg 180w, https:\/\/alainlarivierephoto.com\/wp-content\/uploads\/2020\/02\/La-chambre-1-de-la-vieille-maison-abandonn\u00e9e-02E_s\u00e9pia-768x512.jpg 768w\" sizes=\"auto, (max-width: 1280px) 100vw, 1280px\" \/><\/a><p id=\"caption-attachment-15142\" class=\"wp-caption-text\">La vieille maison abandonn\u00e9e, la chambre 1<\/p><\/div>\n<div id=\"attachment_15143\" style=\"width: 1290px\" class=\"wp-caption aligncenter\"><a href=\"https:\/\/alainlarivierephoto.com\/wp-content\/uploads\/2020\/02\/La-chambre-1-de-la-vieille-maison-abandonn\u00e9e-02E.jpg\"><img loading=\"lazy\" decoding=\"async\" aria-describedby=\"caption-attachment-15143\" class=\"size-full wp-image-15143 colorbox-15150\" src=\"https:\/\/alainlarivierephoto.com\/wp-content\/uploads\/2020\/02\/La-chambre-1-de-la-vieille-maison-abandonn\u00e9e-02E.jpg\" alt=\"La vieille maison abandonn\u00e9e, la chambre 1 -2-\" width=\"1280\" height=\"854\" srcset=\"https:\/\/alainlarivierephoto.com\/wp-content\/uploads\/2020\/02\/La-chambre-1-de-la-vieille-maison-abandonn\u00e9e-02E.jpg 1280w, https:\/\/alainlarivierephoto.com\/wp-content\/uploads\/2020\/02\/La-chambre-1-de-la-vieille-maison-abandonn\u00e9e-02E-300x200.jpg 300w, https:\/\/alainlarivierephoto.com\/wp-content\/uploads\/2020\/02\/La-chambre-1-de-la-vieille-maison-abandonn\u00e9e-02E-180x120.jpg 180w, https:\/\/alainlarivierephoto.com\/wp-content\/uploads\/2020\/02\/La-chambre-1-de-la-vieille-maison-abandonn\u00e9e-02E-768x512.jpg 768w\" sizes=\"auto, (max-width: 1280px) 100vw, 1280px\" \/><\/a><p id=\"caption-attachment-15143\" class=\"wp-caption-text\">La vieille maison abandonn\u00e9e, la chambre 1<\/p><\/div>\n<p>&nbsp;<\/p>\n<p style=\"text-align: justify;\">La vieille maison abandonn\u00e9e<\/p>\n<p style=\"text-align: justify;\">Le grenier\u00a0; la grange\u00a0; les pi\u00e8ces d\u2019habitation (cuisine, s\u00e9jour, salle \u00e0 manger, bureau, les deux chambres, salle de bain).<br \/>\nVoici la maison de famille, celle du c\u00f4t\u00e9 maternel\u00a0; la maison de mon enfance, puis de mon adolescence et o\u00f9 adulte je rendais visite \u00e0 ma m\u00e8re, l\u2019accompagnant dans sa vieillesse.<br \/>\nAcquise en 1929, mon grand-p\u00e8re y pratiqu\u00e2t le m\u00e9tier de couvreur, zingueur et plombier jusqu\u2019\u00e0 ses 70 ans. En 1970, au d\u00e9c\u00e8s de ce dernier, elle fut r\u00e9nov\u00e9e et ma m\u00e8re prit possession des lieux, jusqu\u2019\u00e0 son d\u00e9c\u00e8s en 2016.<br \/>\nAujourd\u2019hui cette maison n\u2019est plus mienne, car vendue en juillet 2017\u00a0; mais avant de quitter d\u00e9finitivement ce lieu tant aim\u00e9, et auquel je tenais, j\u2019ai r\u00e9alis\u00e9 une s\u00e9rie de photographies des lieux afin d\u2019entretenir mes souvenir, histoire de la faire vivre encore par ma pens\u00e9e\u202687 ans d\u2019une vie (celle de ma m\u00e8re) laissent une empreinte dans les murs, j\u2019en suis s\u00fbr.<\/p>\n","protected":false},"excerpt":{"rendered":"<p>&nbsp; La vieille maison abandonn\u00e9e Le grenier\u00a0; la grange\u00a0; les pi\u00e8ces d\u2019habitation (cuisine, s\u00e9jour, salle \u00e0 manger, bureau, les deux chambres, salle de bain). Voici la maison de famille, celle du c\u00f4t\u00e9 maternel\u00a0; la maison de mon enfance, puis de mon adolescence et o\u00f9 adulte je rendais visite \u00e0 ma m\u00e8re, l\u2019accompagnant dans sa vieillesse. [&hellip;]<\/p>\n","protected":false},"author":1,"featured_media":0,"comment_status":"open","ping_status":"open","sticky":false,"template":"","format":"standard","meta":{"footnotes":"","_links_to":"","_links_to_target":""},"categories":[271],"tags":[1083,197],"class_list":["post-15150","post","type-post","status-publish","format-standard","hentry","category-reportages","tag-lieux-abandonnes","tag-maison"],"_links":{"self":[{"href":"https:\/\/alainlarivierephoto.com\/index.php?rest_route=\/wp\/v2\/posts\/15150","targetHints":{"allow":["GET"]}}],"collection":[{"href":"https:\/\/alainlarivierephoto.com\/index.php?rest_route=\/wp\/v2\/posts"}],"about":[{"href":"https:\/\/alainlarivierephoto.com\/index.php?rest_route=\/wp\/v2\/types\/post"}],"author":[{"embeddable":true,"href":"https:\/\/alainlarivierephoto.com\/index.php?rest_route=\/wp\/v2\/users\/1"}],"replies":[{"embeddable":true,"href":"https:\/\/alainlarivierephoto.com\/index.php?rest_route=%2Fwp%2Fv2%2Fcomments&post=15150"}],"version-history":[{"count":2,"href":"https:\/\/alainlarivierephoto.com\/index.php?rest_route=\/wp\/v2\/posts\/15150\/revisions"}],"predecessor-version":[{"id":15152,"href":"https:\/\/alainlarivierephoto.com\/index.php?rest_route=\/wp\/v2\/posts\/15150\/revisions\/15152"}],"wp:attachment":[{"href":"https:\/\/alainlarivierephoto.com\/index.php?rest_route=%2Fwp%2Fv2%2Fmedia&parent=15150"}],"wp:term":[{"taxonomy":"category","embeddable":true,"href":"https:\/\/alainlarivierephoto.com\/index.php?rest_route=%2Fwp%2Fv2%2Fcategories&post=15150"},{"taxonomy":"post_tag","embeddable":true,"href":"https:\/\/alainlarivierephoto.com\/index.php?rest_route=%2Fwp%2Fv2%2Ftags&post=15150"}],"curies":[{"name":"wp","href":"https:\/\/api.w.org\/{rel}","templated":true}]}}