{"id":14993,"date":"2019-12-31T00:05:37","date_gmt":"2019-12-30T23:05:37","guid":{"rendered":"https:\/\/alainlarivierephoto.com\/?p=14993"},"modified":"2019-12-26T18:35:49","modified_gmt":"2019-12-26T17:35:49","slug":"lorgue-de-la-basilique-de-saint-benoit-sur-loire-2r","status":"publish","type":"post","link":"https:\/\/alainlarivierephoto.com\/?p=14993","title":{"rendered":"L&rsquo;orgue de la basilique de Saint-Benoit-sur-Loire"},"content":{"rendered":"<div id=\"attachment_14926\" style=\"width: 862px\" class=\"wp-caption aligncenter\"><a href=\"https:\/\/alainlarivierephoto.com\/wp-content\/uploads\/2019\/12\/Lorgue-de-St-Beno\u00eet-sur-Loire-02ER.jpg\"><img loading=\"lazy\" decoding=\"async\" aria-describedby=\"caption-attachment-14926\" class=\"size-full wp-image-14926 colorbox-14993\" src=\"https:\/\/alainlarivierephoto.com\/wp-content\/uploads\/2019\/12\/Lorgue-de-St-Beno\u00eet-sur-Loire-02ER.jpg\" alt=\"L'orgue de la basilique de Saint-Benoit-sur-Loire -2R-\" width=\"852\" height=\"1280\" srcset=\"https:\/\/alainlarivierephoto.com\/wp-content\/uploads\/2019\/12\/Lorgue-de-St-Beno\u00eet-sur-Loire-02ER.jpg 852w, https:\/\/alainlarivierephoto.com\/wp-content\/uploads\/2019\/12\/Lorgue-de-St-Beno\u00eet-sur-Loire-02ER-200x300.jpg 200w, https:\/\/alainlarivierephoto.com\/wp-content\/uploads\/2019\/12\/Lorgue-de-St-Beno\u00eet-sur-Loire-02ER-120x180.jpg 120w, https:\/\/alainlarivierephoto.com\/wp-content\/uploads\/2019\/12\/Lorgue-de-St-Beno\u00eet-sur-Loire-02ER-768x1154.jpg 768w\" sizes=\"auto, (max-width: 852px) 100vw, 852px\" \/><\/a><p id=\"caption-attachment-14926\" class=\"wp-caption-text\">L&rsquo;orgue de la basilique de Saint-Benoit-sur-Loire<\/p><\/div>\n<p>&nbsp;<\/p>\n<p>L&rsquo;orgue de la basilique de Saint-Benoit-sur-Loire<\/p>\n<p style=\"text-align: justify;\">Photographies r\u00e9alis\u00e9es lors d&rsquo;une visite \u00e0 la basilique de l&rsquo;abbaye de Fleury \u00e0 Saint-Beno\u00eet-sur-Loire (Loiret &#8211; France), le 5 mai 2011. Certaines vues montrent l&rsquo;orgue seul, les autres la nef centrale avec l&rsquo;orgue en arri\u00e8re-plan.<\/p>\n","protected":false},"excerpt":{"rendered":"<p>&nbsp; L&rsquo;orgue de la basilique de Saint-Benoit-sur-Loire Photographies r\u00e9alis\u00e9es lors d&rsquo;une visite \u00e0 la basilique de l&rsquo;abbaye de Fleury \u00e0 Saint-Beno\u00eet-sur-Loire (Loiret &#8211; France), le 5 mai 2011. Certaines vues montrent l&rsquo;orgue seul, les autres la nef centrale avec l&rsquo;orgue en arri\u00e8re-plan.<\/p>\n","protected":false},"author":1,"featured_media":0,"comment_status":"open","ping_status":"open","sticky":false,"template":"","format":"standard","meta":{"footnotes":"","_links_to":"","_links_to_target":""},"categories":[687,271],"tags":[1059,725,727,1058],"class_list":["post-14993","post","type-post","status-publish","format-standard","hentry","category-architecture","category-reportages","tag-abbaye-de-fleury","tag-basilique","tag-orgue","tag-st-benoit-sur-loire"],"_links":{"self":[{"href":"https:\/\/alainlarivierephoto.com\/index.php?rest_route=\/wp\/v2\/posts\/14993","targetHints":{"allow":["GET"]}}],"collection":[{"href":"https:\/\/alainlarivierephoto.com\/index.php?rest_route=\/wp\/v2\/posts"}],"about":[{"href":"https:\/\/alainlarivierephoto.com\/index.php?rest_route=\/wp\/v2\/types\/post"}],"author":[{"embeddable":true,"href":"https:\/\/alainlarivierephoto.com\/index.php?rest_route=\/wp\/v2\/users\/1"}],"replies":[{"embeddable":true,"href":"https:\/\/alainlarivierephoto.com\/index.php?rest_route=%2Fwp%2Fv2%2Fcomments&post=14993"}],"version-history":[{"count":1,"href":"https:\/\/alainlarivierephoto.com\/index.php?rest_route=\/wp\/v2\/posts\/14993\/revisions"}],"predecessor-version":[{"id":14994,"href":"https:\/\/alainlarivierephoto.com\/index.php?rest_route=\/wp\/v2\/posts\/14993\/revisions\/14994"}],"wp:attachment":[{"href":"https:\/\/alainlarivierephoto.com\/index.php?rest_route=%2Fwp%2Fv2%2Fmedia&parent=14993"}],"wp:term":[{"taxonomy":"category","embeddable":true,"href":"https:\/\/alainlarivierephoto.com\/index.php?rest_route=%2Fwp%2Fv2%2Fcategories&post=14993"},{"taxonomy":"post_tag","embeddable":true,"href":"https:\/\/alainlarivierephoto.com\/index.php?rest_route=%2Fwp%2Fv2%2Ftags&post=14993"}],"curies":[{"name":"wp","href":"https:\/\/api.w.org\/{rel}","templated":true}]}}