{"id":14975,"date":"2019-12-18T00:05:27","date_gmt":"2019-12-17T23:05:27","guid":{"rendered":"https:\/\/alainlarivierephoto.com\/?p=14975"},"modified":"2019-12-15T19:17:16","modified_gmt":"2019-12-15T18:17:16","slug":"faisceaux-de-lumiere-6","status":"publish","type":"post","link":"https:\/\/alainlarivierephoto.com\/?p=14975","title":{"rendered":"Faisceaux de lumi\u00e8re"},"content":{"rendered":"<div id=\"attachment_14886\" style=\"width: 1290px\" class=\"wp-caption aligncenter\"><a href=\"https:\/\/alainlarivierephoto.com\/wp-content\/uploads\/2019\/12\/Faisceaux-de-lumi\u00e8re-06E.jpg\"><img loading=\"lazy\" decoding=\"async\" aria-describedby=\"caption-attachment-14886\" class=\"size-full wp-image-14886 colorbox-14975\" src=\"https:\/\/alainlarivierephoto.com\/wp-content\/uploads\/2019\/12\/Faisceaux-de-lumi\u00e8re-06E.jpg\" alt=\"Faisceaux de lumi\u00e8re -6-\" width=\"1280\" height=\"854\" srcset=\"https:\/\/alainlarivierephoto.com\/wp-content\/uploads\/2019\/12\/Faisceaux-de-lumi\u00e8re-06E.jpg 1280w, https:\/\/alainlarivierephoto.com\/wp-content\/uploads\/2019\/12\/Faisceaux-de-lumi\u00e8re-06E-300x200.jpg 300w, https:\/\/alainlarivierephoto.com\/wp-content\/uploads\/2019\/12\/Faisceaux-de-lumi\u00e8re-06E-180x120.jpg 180w, https:\/\/alainlarivierephoto.com\/wp-content\/uploads\/2019\/12\/Faisceaux-de-lumi\u00e8re-06E-768x512.jpg 768w\" sizes=\"auto, (max-width: 1280px) 100vw, 1280px\" \/><\/a><p id=\"caption-attachment-14886\" class=\"wp-caption-text\">Faisceaux de lumi\u00e8re<\/p><\/div>\n<p>&nbsp;<\/p>\n<p>L\u2019id\u00e9e de cette s\u00e9rie m\u2019est venue en observant les projections de lumi\u00e8re \u00e9mises par les lampes sur le plafond et le mur peint. Le r\u00e9sultat est tr\u00e8s graphique avec cette alternance de raies claires et sombres.<\/p>\n","protected":false},"excerpt":{"rendered":"<p>&nbsp; L\u2019id\u00e9e de cette s\u00e9rie m\u2019est venue en observant les projections de lumi\u00e8re \u00e9mises par les lampes sur le plafond et le mur peint. Le r\u00e9sultat est tr\u00e8s graphique avec cette alternance de raies claires et sombres.<\/p>\n","protected":false},"author":1,"featured_media":0,"comment_status":"open","ping_status":"open","sticky":false,"template":"","format":"standard","meta":{"footnotes":"","_links_to":"","_links_to_target":""},"categories":[391,17,77],"tags":[752,724,734,741],"class_list":["post-14975","post","type-post","status-publish","format-standard","hentry","category-graphisme","category-insolite","category-reflets","tag-graphisme","tag-lampe","tag-lumiere","tag-reflet"],"_links":{"self":[{"href":"https:\/\/alainlarivierephoto.com\/index.php?rest_route=\/wp\/v2\/posts\/14975","targetHints":{"allow":["GET"]}}],"collection":[{"href":"https:\/\/alainlarivierephoto.com\/index.php?rest_route=\/wp\/v2\/posts"}],"about":[{"href":"https:\/\/alainlarivierephoto.com\/index.php?rest_route=\/wp\/v2\/types\/post"}],"author":[{"embeddable":true,"href":"https:\/\/alainlarivierephoto.com\/index.php?rest_route=\/wp\/v2\/users\/1"}],"replies":[{"embeddable":true,"href":"https:\/\/alainlarivierephoto.com\/index.php?rest_route=%2Fwp%2Fv2%2Fcomments&post=14975"}],"version-history":[{"count":1,"href":"https:\/\/alainlarivierephoto.com\/index.php?rest_route=\/wp\/v2\/posts\/14975\/revisions"}],"predecessor-version":[{"id":14976,"href":"https:\/\/alainlarivierephoto.com\/index.php?rest_route=\/wp\/v2\/posts\/14975\/revisions\/14976"}],"wp:attachment":[{"href":"https:\/\/alainlarivierephoto.com\/index.php?rest_route=%2Fwp%2Fv2%2Fmedia&parent=14975"}],"wp:term":[{"taxonomy":"category","embeddable":true,"href":"https:\/\/alainlarivierephoto.com\/index.php?rest_route=%2Fwp%2Fv2%2Fcategories&post=14975"},{"taxonomy":"post_tag","embeddable":true,"href":"https:\/\/alainlarivierephoto.com\/index.php?rest_route=%2Fwp%2Fv2%2Ftags&post=14975"}],"curies":[{"name":"wp","href":"https:\/\/api.w.org\/{rel}","templated":true}]}}