{"id":14857,"date":"2019-12-01T00:05:13","date_gmt":"2019-11-30T23:05:13","guid":{"rendered":"https:\/\/alainlarivierephoto.com\/?p=14857"},"modified":"2019-11-26T18:22:24","modified_gmt":"2019-11-26T17:22:24","slug":"crypte-de-la-basilique-de-saint-benoit-sur-loire-14b-14bnb","status":"publish","type":"post","link":"https:\/\/alainlarivierephoto.com\/?p=14857","title":{"rendered":"Crypte de la basilique de Saint-Beno\u00eet-sur-Loire"},"content":{"rendered":"<div id=\"attachment_14799\" style=\"width: 864px\" class=\"wp-caption aligncenter\"><a href=\"https:\/\/alainlarivierephoto.com\/wp-content\/uploads\/2019\/10\/Crypte-de-la-basilique-de-Saint-Benoit-sur-Loire-14bE.jpg\"><img loading=\"lazy\" decoding=\"async\" aria-describedby=\"caption-attachment-14799\" class=\"size-large wp-image-14799 colorbox-14857\" src=\"https:\/\/alainlarivierephoto.com\/wp-content\/uploads\/2019\/10\/Crypte-de-la-basilique-de-Saint-Benoit-sur-Loire-14bE-854x1280.jpg\" alt=\"Crypte de la basilique de Saint-Beno\u00eet-sur-Loire -14b-\" width=\"854\" height=\"1280\" srcset=\"https:\/\/alainlarivierephoto.com\/wp-content\/uploads\/2019\/10\/Crypte-de-la-basilique-de-Saint-Benoit-sur-Loire-14bE.jpg 854w, https:\/\/alainlarivierephoto.com\/wp-content\/uploads\/2019\/10\/Crypte-de-la-basilique-de-Saint-Benoit-sur-Loire-14bE-120x180.jpg 120w, https:\/\/alainlarivierephoto.com\/wp-content\/uploads\/2019\/10\/Crypte-de-la-basilique-de-Saint-Benoit-sur-Loire-14bE-200x300.jpg 200w, https:\/\/alainlarivierephoto.com\/wp-content\/uploads\/2019\/10\/Crypte-de-la-basilique-de-Saint-Benoit-sur-Loire-14bE-768x1151.jpg 768w\" sizes=\"auto, (max-width: 854px) 100vw, 854px\" \/><\/a><p id=\"caption-attachment-14799\" class=\"wp-caption-text\">Crypte de la basilique de Saint-Beno\u00eet-sur-Loire -14b-<\/p><\/div>\n<div id=\"attachment_14798\" style=\"width: 864px\" class=\"wp-caption aligncenter\"><a href=\"https:\/\/alainlarivierephoto.com\/wp-content\/uploads\/2019\/10\/Crypte-de-la-basilique-de-Saint-Benoit-sur-Loire-14bE_NB.jpg\"><img loading=\"lazy\" decoding=\"async\" aria-describedby=\"caption-attachment-14798\" class=\"size-large wp-image-14798 colorbox-14857\" src=\"https:\/\/alainlarivierephoto.com\/wp-content\/uploads\/2019\/10\/Crypte-de-la-basilique-de-Saint-Benoit-sur-Loire-14bE_NB-854x1280.jpg\" alt=\"Crypte de la basilique de Saint-Beno\u00eet-sur-Loire -14bN&amp;B-\" width=\"854\" height=\"1280\" srcset=\"https:\/\/alainlarivierephoto.com\/wp-content\/uploads\/2019\/10\/Crypte-de-la-basilique-de-Saint-Benoit-sur-Loire-14bE_NB.jpg 854w, https:\/\/alainlarivierephoto.com\/wp-content\/uploads\/2019\/10\/Crypte-de-la-basilique-de-Saint-Benoit-sur-Loire-14bE_NB-120x180.jpg 120w, https:\/\/alainlarivierephoto.com\/wp-content\/uploads\/2019\/10\/Crypte-de-la-basilique-de-Saint-Benoit-sur-Loire-14bE_NB-200x300.jpg 200w, https:\/\/alainlarivierephoto.com\/wp-content\/uploads\/2019\/10\/Crypte-de-la-basilique-de-Saint-Benoit-sur-Loire-14bE_NB-768x1151.jpg 768w\" sizes=\"auto, (max-width: 854px) 100vw, 854px\" \/><\/a><p id=\"caption-attachment-14798\" class=\"wp-caption-text\">Crypte de la basilique de Saint-Beno\u00eet-sur-Loire -14bN&amp;B-<\/p><\/div>\n<p>&nbsp;<\/p>\n<p style=\"text-align: justify;\"><strong>Abbaye de Fleury \u2013 Saint-Beno\u00eet-sur-Loire<\/strong><\/p>\n<p style=\"text-align: justify;\"><strong>La commune<\/strong><\/p>\n<p style=\"text-align: justify;\"><strong>Saint-Beno\u00eet-sur-Loire est une commune fran\u00e7aise situ\u00e9e dans le d\u00e9partement du Loiret en R\u00e9gion Centre, France.<\/strong><br \/>\n<strong>La commune est c\u00e9l\u00e8bre pour son abbaye romane b\u00e9n\u00e9dictine et est situ\u00e9e dans le p\u00e9rim\u00e8tre du Val de Loire inscrit au patrimoine mondial de l&rsquo;UNESCO.<\/strong><br \/>\n<strong>Le village est situ\u00e9 sur la rive nord de la Loire, \u00e0 8,5\u00a0km au nord-ouest de Sully-sur-Loire, \u00e0 9,5\u00a0km au sud-est de Ch\u00e2teauneuf-sur-Loire, \u00e0 30\u00a0km au nord-ouest de Gien, \u00e0 35\u00a0km \u00e0 l&rsquo;est d&rsquo;Orl\u00e9ans et 129\u00a0km au sud de Paris.<\/strong><br \/>\n<strong>La Bonn\u00e9e, affluent de la Loire, traverse le territoire de la commune.<\/strong><\/p>\n<p style=\"text-align: justify;\"><strong>Max Jacob<\/strong><\/p>\n<p style=\"text-align: justify;\"><strong>Le po\u00e8te Max Jacob y v\u00e9cut de 1921 \u00e0 1928. Il y revint en 1936 et y est arr\u00eat\u00e9 en f\u00e9vrier 1944 avant d&rsquo;\u00eatre d\u00e9port\u00e9 au camp de Drancy o\u00f9 il meurt quelques jours plus tard. De nombreux artistes, amis de ce dernier, pass\u00e8rent dans le village. On peut citer Pablo Picasso, Jean Cocteau, Paul \u00c9luard, Ren\u00e9 Ich\u00e9, Pierre Mac Orlan et Charles Trenet. Il est enterr\u00e9 dans le cimeti\u00e8re du village.<\/strong><\/p>\n<p style=\"text-align: justify;\"><strong>La communaut\u00e9 monastique<\/strong><\/p>\n<p style=\"text-align: justify;\"><strong>Fond\u00e9e vers l&rsquo;an 630 dans le dioc\u00e8se d&rsquo;Orl\u00e9ans, sur les bords de la Loire, la communaut\u00e9 monastique qui avait \u00e9t\u00e9 dispers\u00e9e \u00e0 la r\u00e9volution a \u00e9t\u00e9 refond\u00e9e en 1944 par un groupe de moines b\u00e9n\u00e9dictins venus du monast\u00e8re de la Pierre qui Vire dans le Morvan. 32 moines y m\u00e8nent aujourd&rsquo;hui sous la r\u00e8gle de Saint-Beno\u00eet une vie de recherche de Dieu dans la pri\u00e8re et le travail.<\/strong><\/p>\n<p style=\"text-align: justify;\"><strong>La Basilique<\/strong><\/p>\n<p style=\"text-align: justify;\"><strong>Au XI\u00e8me si\u00e8cle, dans la p\u00e9riode de sa plus grande prosp\u00e9rit\u00e9, l&rsquo;abbaye n&rsquo;avait pas de lieu digne des reliques du P\u00e8res des moines d&rsquo;Occident, Saint-Beno\u00eet, patron du lieu. <\/strong><br \/>\n<strong>Aussi l&rsquo;abb\u00e9 Guillaume (vers 1067) et ses successeurs, entreprennent la construction de la crypte, puis du sanctuaire. En 1108, cette premi\u00e8re partie est achev\u00e9e. Le chantier ne reprends que vers 1160 et lentement la construction de la nef progresse jusqu&rsquo;\u00e0 la Tour-porche. <\/strong><br \/>\n<strong>La construction s&rsquo;ach\u00e8ve probablement en 1218, par la journ\u00e9e solennelle de la d\u00e9dicace, le 26 octobre.<\/strong><\/p>\n<p style=\"text-align: justify;\"><strong>La nef, le ch\u0153ur et les transepts<\/strong><\/p>\n<p style=\"text-align: justify;\"><strong>Pass\u00e9e la Tour-Porche, on p\u00e9n\u00e8tre dans cet immense vaisseau de pierre et subitement l&rsquo;\u00e9motion saisit le visiteur. La lumi\u00e8re p\u00e9n\u00e8tre dans la basilique par les grandes fen\u00eatres de la nef et de l&rsquo;abside, rendant sensible l&rsquo;intense impression de recueillement qui se d\u00e9gage de l&rsquo;\u00e9difice. <\/strong><br \/>\n<strong>L&rsquo;abside a \u00e9t\u00e9 \u00e9difi\u00e9e jusqu&rsquo;aux transepts, entre 1060 et 1108, puis continu\u00e9e \u00e0 partir de 1160 par une nef pr\u00e9vue dans le m\u00eame style. Mais quand on en arriva \u00e0 la couverture, la technique de l&rsquo;ogive se r\u00e9pendait et c&rsquo;est celle que l&rsquo;on adopta alors au prix de quelques ajustements.<\/strong><br \/>\n<strong>Dimensions int\u00e9rieures de l&rsquo;\u00e9difice : longueur 73 m, largeur 17 m, hauteur : coupole 24 m, sanctuaire 18 m, nef 20 m.<\/strong><\/p>\n<p style=\"text-align: justify;\"><strong>La crypte<\/strong><\/p>\n<p style=\"text-align: justify;\"><strong>Nous sommes au c\u0153ur de l&rsquo;\u00e9difice, devant le pilier creux o\u00f9 est d\u00e9pos\u00e9e la ch\u00e2sse contenant les reliques du patron du lieu, Saint-Beno\u00eet, sans qui rien n&rsquo;existerait ici. De ce pilier central sort la double vo\u00fbte du double d\u00e9ambulatoire, portant le sanctuaire sup\u00e9rieur. Toute l&rsquo;\u00e9glise se d\u00e9veloppe \u00e0 partir de cette crypte obscure. Les reliques y furent d\u00e9pos\u00e9es en 1108, lors de la cons\u00e9cration de l&rsquo;autel majeur.<\/strong><\/p>\n<p style=\"text-align: justify;\"><strong>Les reliques de Saint-Beno\u00eet<\/strong><\/p>\n<p style=\"text-align: justify;\"><strong>La tradition \u00e9crite rapporte que les reliques de Saint-Beno\u00eet et de sa s\u0153ur Sainte Scholastique ont \u00e9t\u00e9 rapport\u00e9es en France \u00e0 la fin du VII\u00e8me si\u00e8cle par un groupe de moines de Fleury, accompagn\u00e9s par des chanoines de la Cath\u00e9drale du Mans. Depuis lors les restes du \u00ab\u00a0Patriarche d&rsquo;Occident\u00a0\u00bb sont conserv\u00e9s \u00e0 Saint-Beno\u00eet sur Loire.<\/strong><br \/>\n<strong>La question de la translation des reliques de Saint-Beno\u00eet et de sa s\u0153ur Scholastique a \u00e9t\u00e9 \u00e9tudi\u00e9e avec toute la rigueur scientifique dans les ann\u00e9es 60 par une \u00e9quipe pluridisciplinaire, comprenant des m\u00e9decins anim\u00e9s par le professeur BEAU qui \u00e9tait alors doyen de la facult\u00e9 de m\u00e9decine de Nancy, des historiens, des sp\u00e9cialistes de la critique des textes du moyen \u00e2ge, des sp\u00e9cialistes d&rsquo;histoire de la liturgie.<\/strong><\/p>\n<p style=\"text-align: justify;\"><strong>Pour plus d\u2019informations sur l\u2019abbaye de Fleury, la basilique, la vie de Saint-Beno\u00eet, la r\u00e8gle monastique b\u00e9n\u00e9dictine et la vie actuelle des moines de l\u2019abbaye, allez sur le site\u00a0: http:\/\/www.abbaye-fleury.com\/index.html<\/strong><\/p>\n","protected":false},"excerpt":{"rendered":"<p>&nbsp; Abbaye de Fleury \u2013 Saint-Beno\u00eet-sur-Loire La commune Saint-Beno\u00eet-sur-Loire est une commune fran\u00e7aise situ\u00e9e dans le d\u00e9partement du Loiret en R\u00e9gion Centre, France. La commune est c\u00e9l\u00e8bre pour son abbaye romane b\u00e9n\u00e9dictine et est situ\u00e9e dans le p\u00e9rim\u00e8tre du Val de Loire inscrit au patrimoine mondial de l&rsquo;UNESCO. Le village est situ\u00e9 sur la rive [&hellip;]<\/p>\n","protected":false},"author":1,"featured_media":0,"comment_status":"open","ping_status":"open","sticky":false,"template":"","format":"standard","meta":{"footnotes":"","_links_to":"","_links_to_target":""},"categories":[687,271],"tags":[1059,725,1060,731,688,1058],"class_list":["post-14857","post","type-post","status-publish","format-standard","hentry","category-architecture","category-reportages","tag-abbaye-de-fleury","tag-basilique","tag-benedictin","tag-crypte","tag-moine","tag-st-benoit-sur-loire"],"_links":{"self":[{"href":"https:\/\/alainlarivierephoto.com\/index.php?rest_route=\/wp\/v2\/posts\/14857","targetHints":{"allow":["GET"]}}],"collection":[{"href":"https:\/\/alainlarivierephoto.com\/index.php?rest_route=\/wp\/v2\/posts"}],"about":[{"href":"https:\/\/alainlarivierephoto.com\/index.php?rest_route=\/wp\/v2\/types\/post"}],"author":[{"embeddable":true,"href":"https:\/\/alainlarivierephoto.com\/index.php?rest_route=\/wp\/v2\/users\/1"}],"replies":[{"embeddable":true,"href":"https:\/\/alainlarivierephoto.com\/index.php?rest_route=%2Fwp%2Fv2%2Fcomments&post=14857"}],"version-history":[{"count":1,"href":"https:\/\/alainlarivierephoto.com\/index.php?rest_route=\/wp\/v2\/posts\/14857\/revisions"}],"predecessor-version":[{"id":14858,"href":"https:\/\/alainlarivierephoto.com\/index.php?rest_route=\/wp\/v2\/posts\/14857\/revisions\/14858"}],"wp:attachment":[{"href":"https:\/\/alainlarivierephoto.com\/index.php?rest_route=%2Fwp%2Fv2%2Fmedia&parent=14857"}],"wp:term":[{"taxonomy":"category","embeddable":true,"href":"https:\/\/alainlarivierephoto.com\/index.php?rest_route=%2Fwp%2Fv2%2Fcategories&post=14857"},{"taxonomy":"post_tag","embeddable":true,"href":"https:\/\/alainlarivierephoto.com\/index.php?rest_route=%2Fwp%2Fv2%2Ftags&post=14857"}],"curies":[{"name":"wp","href":"https:\/\/api.w.org\/{rel}","templated":true}]}}