{"id":14855,"date":"2019-11-30T00:05:45","date_gmt":"2019-11-29T23:05:45","guid":{"rendered":"https:\/\/alainlarivierephoto.com\/?p=14855"},"modified":"2019-11-26T19:01:41","modified_gmt":"2019-11-26T18:01:41","slug":"filets-vegetaux-realistic-24","status":"publish","type":"post","link":"https:\/\/alainlarivierephoto.com\/?p=14855","title":{"rendered":"Filets v\u00e9g\u00e9taux : Realistic"},"content":{"rendered":"<p><a href=\"https:\/\/alainlarivierephoto.com\/wp-content\/uploads\/2019\/09\/Fil\u00e9-v\u00e9g\u00e9tal-24E.jpg\"><img loading=\"lazy\" decoding=\"async\" class=\"size-large wp-image-14665 colorbox-14855\" src=\"https:\/\/alainlarivierephoto.com\/wp-content\/uploads\/2019\/09\/Fil\u00e9-v\u00e9g\u00e9tal-24E-1280x854.jpg\" alt=\"Filets v\u00e9g\u00e9taux : Realistic -24-\" width=\"1280\" height=\"854\" srcset=\"https:\/\/alainlarivierephoto.com\/wp-content\/uploads\/2019\/09\/Fil\u00e9-v\u00e9g\u00e9tal-24E.jpg 1280w, https:\/\/alainlarivierephoto.com\/wp-content\/uploads\/2019\/09\/Fil\u00e9-v\u00e9g\u00e9tal-24E-180x120.jpg 180w, https:\/\/alainlarivierephoto.com\/wp-content\/uploads\/2019\/09\/Fil\u00e9-v\u00e9g\u00e9tal-24E-300x200.jpg 300w, https:\/\/alainlarivierephoto.com\/wp-content\/uploads\/2019\/09\/Fil\u00e9-v\u00e9g\u00e9tal-24E-768x512.jpg 768w\" sizes=\"auto, (max-width: 1280px) 100vw, 1280px\" \/><\/a><span style=\"font-size: 14px;\">Filets v\u00e9g\u00e9taux : Realistic<\/span><\/p>\n<p>&nbsp;<\/p>\n<p>Cette image fait partie d&rsquo;une s\u00e9rie r\u00e9alis\u00e9e avec des v\u00e9g\u00e9taux et le mouvement de l&rsquo;appareil photo \u00e0 la prise de vue.<br \/>\nJe s\u00e9lectionne ensuite les clich\u00e9s o\u00f9 le mouvement et les couleurs composent une image graphique agr\u00e9able \u00e0 l&rsquo;oeil, telle une peinture moderne.<\/p>\n","protected":false},"excerpt":{"rendered":"<p>Filets v\u00e9g\u00e9taux : Realistic &nbsp; Cette image fait partie d&rsquo;une s\u00e9rie r\u00e9alis\u00e9e avec des v\u00e9g\u00e9taux et le mouvement de l&rsquo;appareil photo \u00e0 la prise de vue. Je s\u00e9lectionne ensuite les clich\u00e9s o\u00f9 le mouvement et les couleurs composent une image graphique agr\u00e9able \u00e0 l&rsquo;oeil, telle une peinture moderne.<\/p>\n","protected":false},"author":1,"featured_media":0,"comment_status":"open","ping_status":"open","sticky":false,"template":"","format":"standard","meta":{"footnotes":"","_links_to":"","_links_to_target":""},"categories":[391,18],"tags":[1057,577],"class_list":["post-14855","post","type-post","status-publish","format-standard","hentry","category-graphisme","category-textures-vegetales","tag-couleurs","tag-filet-vegetal"],"_links":{"self":[{"href":"https:\/\/alainlarivierephoto.com\/index.php?rest_route=\/wp\/v2\/posts\/14855","targetHints":{"allow":["GET"]}}],"collection":[{"href":"https:\/\/alainlarivierephoto.com\/index.php?rest_route=\/wp\/v2\/posts"}],"about":[{"href":"https:\/\/alainlarivierephoto.com\/index.php?rest_route=\/wp\/v2\/types\/post"}],"author":[{"embeddable":true,"href":"https:\/\/alainlarivierephoto.com\/index.php?rest_route=\/wp\/v2\/users\/1"}],"replies":[{"embeddable":true,"href":"https:\/\/alainlarivierephoto.com\/index.php?rest_route=%2Fwp%2Fv2%2Fcomments&post=14855"}],"version-history":[{"count":1,"href":"https:\/\/alainlarivierephoto.com\/index.php?rest_route=\/wp\/v2\/posts\/14855\/revisions"}],"predecessor-version":[{"id":14856,"href":"https:\/\/alainlarivierephoto.com\/index.php?rest_route=\/wp\/v2\/posts\/14855\/revisions\/14856"}],"wp:attachment":[{"href":"https:\/\/alainlarivierephoto.com\/index.php?rest_route=%2Fwp%2Fv2%2Fmedia&parent=14855"}],"wp:term":[{"taxonomy":"category","embeddable":true,"href":"https:\/\/alainlarivierephoto.com\/index.php?rest_route=%2Fwp%2Fv2%2Fcategories&post=14855"},{"taxonomy":"post_tag","embeddable":true,"href":"https:\/\/alainlarivierephoto.com\/index.php?rest_route=%2Fwp%2Fv2%2Ftags&post=14855"}],"curies":[{"name":"wp","href":"https:\/\/api.w.org\/{rel}","templated":true}]}}