{"id":14751,"date":"2019-10-19T00:05:34","date_gmt":"2019-10-18T22:05:34","guid":{"rendered":"https:\/\/alainlarivierephoto.com\/?p=14751"},"modified":"2019-10-15T21:24:20","modified_gmt":"2019-10-15T19:24:20","slug":"files-vegetaux-realistic-14","status":"publish","type":"post","link":"https:\/\/alainlarivierephoto.com\/?p=14751","title":{"rendered":"Fil\u00e9s v\u00e9g\u00e9taux : Realistic"},"content":{"rendered":"<div id=\"attachment_14648\" style=\"width: 1290px\" class=\"wp-caption aligncenter\"><a href=\"https:\/\/alainlarivierephoto.com\/wp-content\/uploads\/2019\/09\/Fil\u00e9-v\u00e9g\u00e9tal-14EM.jpg\"><img loading=\"lazy\" decoding=\"async\" aria-describedby=\"caption-attachment-14648\" class=\"size-large wp-image-14648 colorbox-14751\" src=\"https:\/\/alainlarivierephoto.com\/wp-content\/uploads\/2019\/09\/Fil\u00e9-v\u00e9g\u00e9tal-14EM-1280x850.jpg\" alt=\"Fil\u00e9s v\u00e9g\u00e9taux : Realistic -14M-\" width=\"1280\" height=\"850\" srcset=\"https:\/\/alainlarivierephoto.com\/wp-content\/uploads\/2019\/09\/Fil\u00e9-v\u00e9g\u00e9tal-14EM.jpg 1280w, https:\/\/alainlarivierephoto.com\/wp-content\/uploads\/2019\/09\/Fil\u00e9-v\u00e9g\u00e9tal-14EM-180x120.jpg 180w, https:\/\/alainlarivierephoto.com\/wp-content\/uploads\/2019\/09\/Fil\u00e9-v\u00e9g\u00e9tal-14EM-300x199.jpg 300w, https:\/\/alainlarivierephoto.com\/wp-content\/uploads\/2019\/09\/Fil\u00e9-v\u00e9g\u00e9tal-14EM-768x510.jpg 768w\" sizes=\"auto, (max-width: 1280px) 100vw, 1280px\" \/><\/a><p id=\"caption-attachment-14648\" class=\"wp-caption-text\">Fil\u00e9s v\u00e9g\u00e9taux : Realistic<\/p><\/div>\n<p>&nbsp;<\/p>\n<p>Cette image fait partie d&rsquo;une s\u00e9rie r\u00e9alis\u00e9e avec des v\u00e9g\u00e9taux et le mouvement de l&rsquo;appareil photo \u00e0 la prise de vue.<br \/>\nJe s\u00e9lectionne ensuite les clich\u00e9s o\u00f9 le mouvement et les couleurs composent une image graphique agr\u00e9able \u00e0 l&rsquo;oeil, telle une peinture moderne.<\/p>\n","protected":false},"excerpt":{"rendered":"<p>&nbsp; Cette image fait partie d&rsquo;une s\u00e9rie r\u00e9alis\u00e9e avec des v\u00e9g\u00e9taux et le mouvement de l&rsquo;appareil photo \u00e0 la prise de vue. Je s\u00e9lectionne ensuite les clich\u00e9s o\u00f9 le mouvement et les couleurs composent une image graphique agr\u00e9able \u00e0 l&rsquo;oeil, telle une peinture moderne.<\/p>\n","protected":false},"author":1,"featured_media":0,"comment_status":"open","ping_status":"open","sticky":false,"template":"","format":"standard","meta":{"footnotes":"","_links_to":"","_links_to_target":""},"categories":[391,18],"tags":[1057,577],"class_list":["post-14751","post","type-post","status-publish","format-standard","hentry","category-graphisme","category-textures-vegetales","tag-couleurs","tag-filet-vegetal"],"_links":{"self":[{"href":"https:\/\/alainlarivierephoto.com\/index.php?rest_route=\/wp\/v2\/posts\/14751","targetHints":{"allow":["GET"]}}],"collection":[{"href":"https:\/\/alainlarivierephoto.com\/index.php?rest_route=\/wp\/v2\/posts"}],"about":[{"href":"https:\/\/alainlarivierephoto.com\/index.php?rest_route=\/wp\/v2\/types\/post"}],"author":[{"embeddable":true,"href":"https:\/\/alainlarivierephoto.com\/index.php?rest_route=\/wp\/v2\/users\/1"}],"replies":[{"embeddable":true,"href":"https:\/\/alainlarivierephoto.com\/index.php?rest_route=%2Fwp%2Fv2%2Fcomments&post=14751"}],"version-history":[{"count":3,"href":"https:\/\/alainlarivierephoto.com\/index.php?rest_route=\/wp\/v2\/posts\/14751\/revisions"}],"predecessor-version":[{"id":14754,"href":"https:\/\/alainlarivierephoto.com\/index.php?rest_route=\/wp\/v2\/posts\/14751\/revisions\/14754"}],"wp:attachment":[{"href":"https:\/\/alainlarivierephoto.com\/index.php?rest_route=%2Fwp%2Fv2%2Fmedia&parent=14751"}],"wp:term":[{"taxonomy":"category","embeddable":true,"href":"https:\/\/alainlarivierephoto.com\/index.php?rest_route=%2Fwp%2Fv2%2Fcategories&post=14751"},{"taxonomy":"post_tag","embeddable":true,"href":"https:\/\/alainlarivierephoto.com\/index.php?rest_route=%2Fwp%2Fv2%2Ftags&post=14751"}],"curies":[{"name":"wp","href":"https:\/\/api.w.org\/{rel}","templated":true}]}}