{"id":14739,"date":"2019-10-16T00:05:06","date_gmt":"2019-10-15T22:05:06","guid":{"rendered":"https:\/\/alainlarivierephoto.com\/?p=14739"},"modified":"2019-10-15T21:02:57","modified_gmt":"2019-10-15T19:02:57","slug":"files-vegetaux-abstract-12m","status":"publish","type":"post","link":"https:\/\/alainlarivierephoto.com\/?p=14739","title":{"rendered":"Fil\u00e9s v\u00e9g\u00e9taux : Abstract"},"content":{"rendered":"<div id=\"attachment_14644\" style=\"width: 1290px\" class=\"wp-caption aligncenter\"><a href=\"https:\/\/alainlarivierephoto.com\/wp-content\/uploads\/2019\/09\/Fil\u00e9-v\u00e9g\u00e9tal-12EM.jpg\"><img loading=\"lazy\" decoding=\"async\" aria-describedby=\"caption-attachment-14644\" class=\"size-large wp-image-14644 colorbox-14739\" src=\"https:\/\/alainlarivierephoto.com\/wp-content\/uploads\/2019\/09\/Fil\u00e9-v\u00e9g\u00e9tal-12EM-1280x850.jpg\" alt=\"Fil\u00e9s v\u00e9g\u00e9taux : Abstract -12M-\" width=\"1280\" height=\"850\" srcset=\"https:\/\/alainlarivierephoto.com\/wp-content\/uploads\/2019\/09\/Fil\u00e9-v\u00e9g\u00e9tal-12EM.jpg 1280w, https:\/\/alainlarivierephoto.com\/wp-content\/uploads\/2019\/09\/Fil\u00e9-v\u00e9g\u00e9tal-12EM-180x120.jpg 180w, https:\/\/alainlarivierephoto.com\/wp-content\/uploads\/2019\/09\/Fil\u00e9-v\u00e9g\u00e9tal-12EM-300x199.jpg 300w, https:\/\/alainlarivierephoto.com\/wp-content\/uploads\/2019\/09\/Fil\u00e9-v\u00e9g\u00e9tal-12EM-768x510.jpg 768w\" sizes=\"auto, (max-width: 1280px) 100vw, 1280px\" \/><\/a><p id=\"caption-attachment-14644\" class=\"wp-caption-text\">Fil\u00e9s v\u00e9g\u00e9taux : Abstract<\/p><\/div>\n<p>&nbsp;<\/p>\n<p>&nbsp;<\/p>\n","protected":false},"excerpt":{"rendered":"<p>&nbsp; &nbsp;<\/p>\n","protected":false},"author":1,"featured_media":0,"comment_status":"open","ping_status":"open","sticky":false,"template":"","format":"standard","meta":{"footnotes":"","_links_to":"","_links_to_target":""},"categories":[391,18],"tags":[1057,577],"class_list":["post-14739","post","type-post","status-publish","format-standard","hentry","category-graphisme","category-textures-vegetales","tag-couleurs","tag-filet-vegetal"],"_links":{"self":[{"href":"https:\/\/alainlarivierephoto.com\/index.php?rest_route=\/wp\/v2\/posts\/14739","targetHints":{"allow":["GET"]}}],"collection":[{"href":"https:\/\/alainlarivierephoto.com\/index.php?rest_route=\/wp\/v2\/posts"}],"about":[{"href":"https:\/\/alainlarivierephoto.com\/index.php?rest_route=\/wp\/v2\/types\/post"}],"author":[{"embeddable":true,"href":"https:\/\/alainlarivierephoto.com\/index.php?rest_route=\/wp\/v2\/users\/1"}],"replies":[{"embeddable":true,"href":"https:\/\/alainlarivierephoto.com\/index.php?rest_route=%2Fwp%2Fv2%2Fcomments&post=14739"}],"version-history":[{"count":3,"href":"https:\/\/alainlarivierephoto.com\/index.php?rest_route=\/wp\/v2\/posts\/14739\/revisions"}],"predecessor-version":[{"id":14742,"href":"https:\/\/alainlarivierephoto.com\/index.php?rest_route=\/wp\/v2\/posts\/14739\/revisions\/14742"}],"wp:attachment":[{"href":"https:\/\/alainlarivierephoto.com\/index.php?rest_route=%2Fwp%2Fv2%2Fmedia&parent=14739"}],"wp:term":[{"taxonomy":"category","embeddable":true,"href":"https:\/\/alainlarivierephoto.com\/index.php?rest_route=%2Fwp%2Fv2%2Fcategories&post=14739"},{"taxonomy":"post_tag","embeddable":true,"href":"https:\/\/alainlarivierephoto.com\/index.php?rest_route=%2Fwp%2Fv2%2Ftags&post=14739"}],"curies":[{"name":"wp","href":"https:\/\/api.w.org\/{rel}","templated":true}]}}