{"id":14594,"date":"2019-09-26T00:05:31","date_gmt":"2019-09-25T22:05:31","guid":{"rendered":"https:\/\/alainlarivierephoto.com\/?p=14594"},"modified":"2019-09-24T21:08:30","modified_gmt":"2019-09-24T19:08:30","slug":"tags-a-chatel-guyon-detail-3-3r","status":"publish","type":"post","link":"https:\/\/alainlarivierephoto.com\/?p=14594","title":{"rendered":"Tags \u00e0 Ch\u00e2tel-Guyon : D\u00e9tail"},"content":{"rendered":"<div id=\"attachment_14350\" style=\"width: 1290px\" class=\"wp-caption aligncenter\"><a href=\"https:\/\/alainlarivierephoto.com\/wp-content\/uploads\/2019\/06\/Tag-03E.jpg\"><img loading=\"lazy\" decoding=\"async\" aria-describedby=\"caption-attachment-14350\" class=\"size-large wp-image-14350 colorbox-14594\" src=\"https:\/\/alainlarivierephoto.com\/wp-content\/uploads\/2019\/06\/Tag-03E-1280x856.jpg\" alt=\"Tags \u00e0 Ch\u00e2tel-Guyon : D\u00e9tail -3-\" width=\"1280\" height=\"856\" srcset=\"https:\/\/alainlarivierephoto.com\/wp-content\/uploads\/2019\/06\/Tag-03E.jpg 1280w, https:\/\/alainlarivierephoto.com\/wp-content\/uploads\/2019\/06\/Tag-03E-180x120.jpg 180w, https:\/\/alainlarivierephoto.com\/wp-content\/uploads\/2019\/06\/Tag-03E-300x201.jpg 300w, https:\/\/alainlarivierephoto.com\/wp-content\/uploads\/2019\/06\/Tag-03E-768x514.jpg 768w\" sizes=\"auto, (max-width: 1280px) 100vw, 1280px\" \/><\/a><p id=\"caption-attachment-14350\" class=\"wp-caption-text\">Tags \u00e0 Ch\u00e2tel-Guyon : D\u00e9tail<\/p><\/div>\n<div id=\"attachment_14351\" style=\"width: 1290px\" class=\"wp-caption aligncenter\"><a href=\"https:\/\/alainlarivierephoto.com\/wp-content\/uploads\/2019\/06\/Tag-03ER.jpg\"><img loading=\"lazy\" decoding=\"async\" aria-describedby=\"caption-attachment-14351\" class=\"size-large wp-image-14351 colorbox-14594\" src=\"https:\/\/alainlarivierephoto.com\/wp-content\/uploads\/2019\/06\/Tag-03ER-1280x623.jpg\" alt=\"Tags \u00e0 Ch\u00e2tel-Guyon : D\u00e9tail -3R-\" width=\"1280\" height=\"623\" srcset=\"https:\/\/alainlarivierephoto.com\/wp-content\/uploads\/2019\/06\/Tag-03ER.jpg 1280w, https:\/\/alainlarivierephoto.com\/wp-content\/uploads\/2019\/06\/Tag-03ER-180x88.jpg 180w, https:\/\/alainlarivierephoto.com\/wp-content\/uploads\/2019\/06\/Tag-03ER-300x146.jpg 300w, https:\/\/alainlarivierephoto.com\/wp-content\/uploads\/2019\/06\/Tag-03ER-768x374.jpg 768w\" sizes=\"auto, (max-width: 1280px) 100vw, 1280px\" \/><\/a><p id=\"caption-attachment-14351\" class=\"wp-caption-text\">Tags \u00e0 Ch\u00e2tel-Guyon : D\u00e9tail<\/p><\/div>\n<p>&nbsp;<\/p>\n<p>Tags \u00e0 Ch\u00e2tel-Guyon : D\u00e9tail<\/p>\n<p>Cette s\u00e9rie pr\u00e9sente les tags et graphes \u00ab\u00a0fleurissant\u00a0\u00bb sur les murs de la ville, principalement autour et dans le parc thermal.<\/p>\n","protected":false},"excerpt":{"rendered":"<p>&nbsp; Tags \u00e0 Ch\u00e2tel-Guyon : D\u00e9tail Cette s\u00e9rie pr\u00e9sente les tags et graphes \u00ab\u00a0fleurissant\u00a0\u00bb sur les murs de la ville, principalement autour et dans le parc thermal.<\/p>\n","protected":false},"author":1,"featured_media":0,"comment_status":"open","ping_status":"open","sticky":false,"template":"","format":"standard","meta":{"footnotes":"","_links_to":"","_links_to_target":""},"categories":[391],"tags":[1055,587],"class_list":["post-14594","post","type-post","status-publish","format-standard","hentry","category-graphisme","tag-graphe","tag-tag"],"_links":{"self":[{"href":"https:\/\/alainlarivierephoto.com\/index.php?rest_route=\/wp\/v2\/posts\/14594","targetHints":{"allow":["GET"]}}],"collection":[{"href":"https:\/\/alainlarivierephoto.com\/index.php?rest_route=\/wp\/v2\/posts"}],"about":[{"href":"https:\/\/alainlarivierephoto.com\/index.php?rest_route=\/wp\/v2\/types\/post"}],"author":[{"embeddable":true,"href":"https:\/\/alainlarivierephoto.com\/index.php?rest_route=\/wp\/v2\/users\/1"}],"replies":[{"embeddable":true,"href":"https:\/\/alainlarivierephoto.com\/index.php?rest_route=%2Fwp%2Fv2%2Fcomments&post=14594"}],"version-history":[{"count":3,"href":"https:\/\/alainlarivierephoto.com\/index.php?rest_route=\/wp\/v2\/posts\/14594\/revisions"}],"predecessor-version":[{"id":14597,"href":"https:\/\/alainlarivierephoto.com\/index.php?rest_route=\/wp\/v2\/posts\/14594\/revisions\/14597"}],"wp:attachment":[{"href":"https:\/\/alainlarivierephoto.com\/index.php?rest_route=%2Fwp%2Fv2%2Fmedia&parent=14594"}],"wp:term":[{"taxonomy":"category","embeddable":true,"href":"https:\/\/alainlarivierephoto.com\/index.php?rest_route=%2Fwp%2Fv2%2Fcategories&post=14594"},{"taxonomy":"post_tag","embeddable":true,"href":"https:\/\/alainlarivierephoto.com\/index.php?rest_route=%2Fwp%2Fv2%2Ftags&post=14594"}],"curies":[{"name":"wp","href":"https:\/\/api.w.org\/{rel}","templated":true}]}}