{"id":14579,"date":"2019-09-07T00:05:18","date_gmt":"2019-09-06T22:05:18","guid":{"rendered":"https:\/\/alainlarivierephoto.com\/?p=14579"},"modified":"2019-08-27T19:00:39","modified_gmt":"2019-08-27T17:00:39","slug":"vite-jentre-1r","status":"publish","type":"post","link":"https:\/\/alainlarivierephoto.com\/?p=14579","title":{"rendered":"Vite, j\u2019entre&#8230;"},"content":{"rendered":"<div id=\"attachment_14370\" style=\"width: 954px\" class=\"wp-caption aligncenter\"><a href=\"https:\/\/alainlarivierephoto.com\/wp-content\/uploads\/2019\/06\/Vite-jentre-01ER.jpg\"><img loading=\"lazy\" decoding=\"async\" aria-describedby=\"caption-attachment-14370\" class=\"size-large wp-image-14370 colorbox-14579\" src=\"https:\/\/alainlarivierephoto.com\/wp-content\/uploads\/2019\/06\/Vite-jentre-01ER-944x1280.jpg\" alt=\"Vite, j\u2019entre -1R-\" width=\"944\" height=\"1280\" srcset=\"https:\/\/alainlarivierephoto.com\/wp-content\/uploads\/2019\/06\/Vite-jentre-01ER.jpg 944w, https:\/\/alainlarivierephoto.com\/wp-content\/uploads\/2019\/06\/Vite-jentre-01ER-133x180.jpg 133w, https:\/\/alainlarivierephoto.com\/wp-content\/uploads\/2019\/06\/Vite-jentre-01ER-221x300.jpg 221w, https:\/\/alainlarivierephoto.com\/wp-content\/uploads\/2019\/06\/Vite-jentre-01ER-768x1041.jpg 768w\" sizes=\"auto, (max-width: 944px) 100vw, 944px\" \/><\/a><p id=\"caption-attachment-14370\" class=\"wp-caption-text\">Vite, j\u2019entre<\/p><\/div>\n<p>&nbsp;<\/p>\n<p>Vite, j\u2019entre&#8230;<br \/>\net je c\u00e8de \u00e0 la tentation de la fi\u00e8vre acheteuse.<\/p>\n","protected":false},"excerpt":{"rendered":"<p>&nbsp; Vite, j\u2019entre&#8230; et je c\u00e8de \u00e0 la tentation de la fi\u00e8vre acheteuse.<\/p>\n","protected":false},"author":1,"featured_media":0,"comment_status":"open","ping_status":"open","sticky":false,"template":"","format":"standard","meta":{"footnotes":"","_links_to":"","_links_to_target":""},"categories":[115,40],"tags":[31],"class_list":["post-14579","post","type-post","status-publish","format-standard","hentry","category-humour","category-personnages","tag-personnage"],"_links":{"self":[{"href":"https:\/\/alainlarivierephoto.com\/index.php?rest_route=\/wp\/v2\/posts\/14579","targetHints":{"allow":["GET"]}}],"collection":[{"href":"https:\/\/alainlarivierephoto.com\/index.php?rest_route=\/wp\/v2\/posts"}],"about":[{"href":"https:\/\/alainlarivierephoto.com\/index.php?rest_route=\/wp\/v2\/types\/post"}],"author":[{"embeddable":true,"href":"https:\/\/alainlarivierephoto.com\/index.php?rest_route=\/wp\/v2\/users\/1"}],"replies":[{"embeddable":true,"href":"https:\/\/alainlarivierephoto.com\/index.php?rest_route=%2Fwp%2Fv2%2Fcomments&post=14579"}],"version-history":[{"count":2,"href":"https:\/\/alainlarivierephoto.com\/index.php?rest_route=\/wp\/v2\/posts\/14579\/revisions"}],"predecessor-version":[{"id":14581,"href":"https:\/\/alainlarivierephoto.com\/index.php?rest_route=\/wp\/v2\/posts\/14579\/revisions\/14581"}],"wp:attachment":[{"href":"https:\/\/alainlarivierephoto.com\/index.php?rest_route=%2Fwp%2Fv2%2Fmedia&parent=14579"}],"wp:term":[{"taxonomy":"category","embeddable":true,"href":"https:\/\/alainlarivierephoto.com\/index.php?rest_route=%2Fwp%2Fv2%2Fcategories&post=14579"},{"taxonomy":"post_tag","embeddable":true,"href":"https:\/\/alainlarivierephoto.com\/index.php?rest_route=%2Fwp%2Fv2%2Ftags&post=14579"}],"curies":[{"name":"wp","href":"https:\/\/api.w.org\/{rel}","templated":true}]}}