{"id":14577,"date":"2019-09-06T00:05:35","date_gmt":"2019-09-05T22:05:35","guid":{"rendered":"https:\/\/alainlarivierephoto.com\/?p=14577"},"modified":"2019-08-27T18:58:11","modified_gmt":"2019-08-27T16:58:11","slug":"vinca-minor-la-petite-pervenche-1b","status":"publish","type":"post","link":"https:\/\/alainlarivierephoto.com\/?p=14577","title":{"rendered":"Vinca minor, la petite Pervenche"},"content":{"rendered":"<div id=\"attachment_14367\" style=\"width: 1290px\" class=\"wp-caption aligncenter\"><a href=\"https:\/\/alainlarivierephoto.com\/wp-content\/uploads\/2019\/06\/Vinca-minor-01bE.jpg\"><img loading=\"lazy\" decoding=\"async\" aria-describedby=\"caption-attachment-14367\" class=\"size-large wp-image-14367 colorbox-14577\" src=\"https:\/\/alainlarivierephoto.com\/wp-content\/uploads\/2019\/06\/Vinca-minor-01bE-1280x852.jpg\" alt=\"Vinca minor, la petite Pervenche -1b-\" width=\"1280\" height=\"852\" srcset=\"https:\/\/alainlarivierephoto.com\/wp-content\/uploads\/2019\/06\/Vinca-minor-01bE.jpg 1280w, https:\/\/alainlarivierephoto.com\/wp-content\/uploads\/2019\/06\/Vinca-minor-01bE-180x120.jpg 180w, https:\/\/alainlarivierephoto.com\/wp-content\/uploads\/2019\/06\/Vinca-minor-01bE-300x200.jpg 300w, https:\/\/alainlarivierephoto.com\/wp-content\/uploads\/2019\/06\/Vinca-minor-01bE-768x511.jpg 768w\" sizes=\"auto, (max-width: 1280px) 100vw, 1280px\" \/><\/a><p id=\"caption-attachment-14367\" class=\"wp-caption-text\">Vinca minor, la petite Pervenche<\/p><\/div>\n<p>&nbsp;<\/p>\n<p>R\u00e8gne\u00a0: Plantae.<br \/>\nSous-r\u00e8gne\u00a0: Tracheobionta.<br \/>\nDivision\u00a0: Magnoliophyta.<br \/>\nClasse\u00a0: Magnoliopsida.<br \/>\nOrdre\u00a0: Gentianales.<br \/>\nFamille\u00a0: Apocynaceae.<br \/>\nGenre\u00a0: <em>Vinca<\/em>.<\/p>\n<p>Nom(s) scientifique(s)\u00a0: <em>Vinca minor<\/em>\u00a0Linn\u00e9, 1753 ; <em>Vinca acutiflora<\/em>\u00a0; <em>Vinca ellipticifolia<\/em>\u00a0; <em>Vinca humilis<\/em>\u00a0; <em>Vinca intermedia<\/em>.<br \/>\nNom(s)\u00a0commun(s) : Petite Pervenche\u00a0; Violette des sorci\u00e8res\u00a0; Violette des morts\u00a0; Violette des serpents\u00a0; Herbe de fid\u00e9lit\u00e9.<\/p>\n<p style=\"text-align: justify;\">La petite Pervenche (<em>Vinca minor<\/em>) est une plante vivace de la famille des Apocynac\u00e9es (Apocynaceae).<br \/>\nElle est originaire d\u2019Europe, du sud de la Russie et du Caucase Nord o\u00f9 on y recense une dizaine d\u2019esp\u00e8ces. Elle est commune dans toutes les for\u00eats fran\u00e7aises. Il existe de nombreux cultivars vendus en jardinerie.<br \/>\n<em>Vinca minor<\/em> \u00e9met de nombreuses tiges st\u00e9riles et rampantes et des tiges florif\u00e8res hautes d\u2019une vingtaine de centim\u00e8tres. Cette plante rampante couvre rapidement le sol.<br \/>\nLe feuillage est persistant, \u00e0 feuilles coriaces et brillantes, oppos\u00e9es, enti\u00e8res, elliptiques \u00e0 lanc\u00e9ol\u00e9es. Il existe des vari\u00e9t\u00e9s \u00e0 feuillage panach\u00e9. La floraison a lieu de mars \u00e0 juin. Les fleurs en corolle \u00e0 cinq lobes coup\u00e9s en oblique sont axillaires et solitaires \u00e0 long p\u00e9doncule. Les coloris varient du bleu au violet et au blanc.<\/p>\n","protected":false},"excerpt":{"rendered":"<p>&nbsp; R\u00e8gne\u00a0: Plantae. Sous-r\u00e8gne\u00a0: Tracheobionta. Division\u00a0: Magnoliophyta. Classe\u00a0: Magnoliopsida. Ordre\u00a0: Gentianales. Famille\u00a0: Apocynaceae. Genre\u00a0: Vinca. Nom(s) scientifique(s)\u00a0: Vinca minor\u00a0Linn\u00e9, 1753 ; Vinca acutiflora\u00a0; Vinca ellipticifolia\u00a0; Vinca humilis\u00a0; Vinca intermedia. Nom(s)\u00a0commun(s) : Petite Pervenche\u00a0; Violette des sorci\u00e8res\u00a0; Violette des morts\u00a0; Violette des serpents\u00a0; Herbe de fid\u00e9lit\u00e9. La petite Pervenche (Vinca minor) est une plante vivace de [&hellip;]<\/p>\n","protected":false},"author":1,"featured_media":0,"comment_status":"open","ping_status":"open","sticky":false,"template":"","format":"standard","meta":{"footnotes":"","_links_to":"","_links_to_target":""},"categories":[15,14],"tags":[550,551,738,545,906,512,540,799],"class_list":["post-14577","post","type-post","status-publish","format-standard","hentry","category-au-coeur-des-fleurs","category-flore","tag-apocynaceae","tag-apocynacee","tag-fleur","tag-petite-pervenche","tag-plantae","tag-plante","tag-vinca-minor","tag-vivace"],"_links":{"self":[{"href":"https:\/\/alainlarivierephoto.com\/index.php?rest_route=\/wp\/v2\/posts\/14577","targetHints":{"allow":["GET"]}}],"collection":[{"href":"https:\/\/alainlarivierephoto.com\/index.php?rest_route=\/wp\/v2\/posts"}],"about":[{"href":"https:\/\/alainlarivierephoto.com\/index.php?rest_route=\/wp\/v2\/types\/post"}],"author":[{"embeddable":true,"href":"https:\/\/alainlarivierephoto.com\/index.php?rest_route=\/wp\/v2\/users\/1"}],"replies":[{"embeddable":true,"href":"https:\/\/alainlarivierephoto.com\/index.php?rest_route=%2Fwp%2Fv2%2Fcomments&post=14577"}],"version-history":[{"count":1,"href":"https:\/\/alainlarivierephoto.com\/index.php?rest_route=\/wp\/v2\/posts\/14577\/revisions"}],"predecessor-version":[{"id":14578,"href":"https:\/\/alainlarivierephoto.com\/index.php?rest_route=\/wp\/v2\/posts\/14577\/revisions\/14578"}],"wp:attachment":[{"href":"https:\/\/alainlarivierephoto.com\/index.php?rest_route=%2Fwp%2Fv2%2Fmedia&parent=14577"}],"wp:term":[{"taxonomy":"category","embeddable":true,"href":"https:\/\/alainlarivierephoto.com\/index.php?rest_route=%2Fwp%2Fv2%2Fcategories&post=14577"},{"taxonomy":"post_tag","embeddable":true,"href":"https:\/\/alainlarivierephoto.com\/index.php?rest_route=%2Fwp%2Fv2%2Ftags&post=14577"}],"curies":[{"name":"wp","href":"https:\/\/api.w.org\/{rel}","templated":true}]}}