{"id":14557,"date":"2019-09-02T00:05:07","date_gmt":"2019-09-01T22:05:07","guid":{"rendered":"https:\/\/alainlarivierephoto.com\/?p=14557"},"modified":"2019-08-27T18:20:37","modified_gmt":"2019-08-27T16:20:37","slug":"tags-a-chatel-guyon-lallee-des-tags-2rtm","status":"publish","type":"post","link":"https:\/\/alainlarivierephoto.com\/?p=14557","title":{"rendered":"Tags \u00e0 Ch\u00e2tel-Guyon : L&rsquo;all\u00e9e des tags"},"content":{"rendered":"<div id=\"attachment_14336\" style=\"width: 1290px\" class=\"wp-caption aligncenter\"><a href=\"https:\/\/alainlarivierephoto.com\/wp-content\/uploads\/2019\/06\/Lall\u00e9e-des-tags-02ERTM.jpg\"><img loading=\"lazy\" decoding=\"async\" aria-describedby=\"caption-attachment-14336\" class=\"size-large wp-image-14336 colorbox-14557\" src=\"https:\/\/alainlarivierephoto.com\/wp-content\/uploads\/2019\/06\/Lall\u00e9e-des-tags-02ERTM-1280x788.jpg\" alt=\"Tags \u00e0 Ch\u00e2tel-Guyon : L'all\u00e9e des tags -2RTM-\" width=\"1280\" height=\"788\" srcset=\"https:\/\/alainlarivierephoto.com\/wp-content\/uploads\/2019\/06\/Lall\u00e9e-des-tags-02ERTM.jpg 1280w, https:\/\/alainlarivierephoto.com\/wp-content\/uploads\/2019\/06\/Lall\u00e9e-des-tags-02ERTM-180x111.jpg 180w, https:\/\/alainlarivierephoto.com\/wp-content\/uploads\/2019\/06\/Lall\u00e9e-des-tags-02ERTM-300x185.jpg 300w, https:\/\/alainlarivierephoto.com\/wp-content\/uploads\/2019\/06\/Lall\u00e9e-des-tags-02ERTM-768x473.jpg 768w\" sizes=\"auto, (max-width: 1280px) 100vw, 1280px\" \/><\/a><p id=\"caption-attachment-14336\" class=\"wp-caption-text\">Tags \u00e0 Ch\u00e2tel-Guyon : L&rsquo;all\u00e9e des tags<\/p><\/div>\n<p>&nbsp;<\/p>\n<p>Tags \u00e0 Ch\u00e2tel-Guyon : L&rsquo;all\u00e9e des tags<br \/>\nCette s\u00e9rie pr\u00e9sente les tags et graphes \u00ab\u00a0fleurissant\u00a0\u00bb sur les murs de la ville, principalement autour et dans le parc thermal.<\/p>\n","protected":false},"excerpt":{"rendered":"<p>&nbsp; Tags \u00e0 Ch\u00e2tel-Guyon : L&rsquo;all\u00e9e des tags Cette s\u00e9rie pr\u00e9sente les tags et graphes \u00ab\u00a0fleurissant\u00a0\u00bb sur les murs de la ville, principalement autour et dans le parc thermal.<\/p>\n","protected":false},"author":1,"featured_media":0,"comment_status":"open","ping_status":"open","sticky":false,"template":"","format":"standard","meta":{"footnotes":"","_links_to":"","_links_to_target":""},"categories":[391],"tags":[442,1055,587],"class_list":["post-14557","post","type-post","status-publish","format-standard","hentry","category-graphisme","tag-allee","tag-graphe","tag-tag"],"_links":{"self":[{"href":"https:\/\/alainlarivierephoto.com\/index.php?rest_route=\/wp\/v2\/posts\/14557","targetHints":{"allow":["GET"]}}],"collection":[{"href":"https:\/\/alainlarivierephoto.com\/index.php?rest_route=\/wp\/v2\/posts"}],"about":[{"href":"https:\/\/alainlarivierephoto.com\/index.php?rest_route=\/wp\/v2\/types\/post"}],"author":[{"embeddable":true,"href":"https:\/\/alainlarivierephoto.com\/index.php?rest_route=\/wp\/v2\/users\/1"}],"replies":[{"embeddable":true,"href":"https:\/\/alainlarivierephoto.com\/index.php?rest_route=%2Fwp%2Fv2%2Fcomments&post=14557"}],"version-history":[{"count":5,"href":"https:\/\/alainlarivierephoto.com\/index.php?rest_route=\/wp\/v2\/posts\/14557\/revisions"}],"predecessor-version":[{"id":14562,"href":"https:\/\/alainlarivierephoto.com\/index.php?rest_route=\/wp\/v2\/posts\/14557\/revisions\/14562"}],"wp:attachment":[{"href":"https:\/\/alainlarivierephoto.com\/index.php?rest_route=%2Fwp%2Fv2%2Fmedia&parent=14557"}],"wp:term":[{"taxonomy":"category","embeddable":true,"href":"https:\/\/alainlarivierephoto.com\/index.php?rest_route=%2Fwp%2Fv2%2Fcategories&post=14557"},{"taxonomy":"post_tag","embeddable":true,"href":"https:\/\/alainlarivierephoto.com\/index.php?rest_route=%2Fwp%2Fv2%2Ftags&post=14557"}],"curies":[{"name":"wp","href":"https:\/\/api.w.org\/{rel}","templated":true}]}}