{"id":14552,"date":"2019-08-31T00:05:00","date_gmt":"2019-08-30T22:05:00","guid":{"rendered":"https:\/\/alainlarivierephoto.com\/?p=14552"},"modified":"2019-08-26T18:34:47","modified_gmt":"2019-08-26T16:34:47","slug":"veronica-peduncularis-la-veronique-pedonculee-3","status":"publish","type":"post","link":"https:\/\/alainlarivierephoto.com\/?p=14552","title":{"rendered":"Veronica peduncularis, la V\u00e9ronique p\u00e9doncul\u00e9e"},"content":{"rendered":"<div id=\"attachment_14360\" style=\"width: 988px\" class=\"wp-caption aligncenter\"><a href=\"https:\/\/alainlarivierephoto.com\/wp-content\/uploads\/2019\/06\/Veronica-peduncularis-hybride-03E.jpg\"><img loading=\"lazy\" decoding=\"async\" aria-describedby=\"caption-attachment-14360\" class=\"size-large wp-image-14360 colorbox-14552\" src=\"https:\/\/alainlarivierephoto.com\/wp-content\/uploads\/2019\/06\/Veronica-peduncularis-hybride-03E-978x1280.jpg\" alt=\"Veronica peduncularis, la V\u00e9ronique p\u00e9doncul\u00e9e -3-\" width=\"978\" height=\"1280\" srcset=\"https:\/\/alainlarivierephoto.com\/wp-content\/uploads\/2019\/06\/Veronica-peduncularis-hybride-03E.jpg 978w, https:\/\/alainlarivierephoto.com\/wp-content\/uploads\/2019\/06\/Veronica-peduncularis-hybride-03E-138x180.jpg 138w, https:\/\/alainlarivierephoto.com\/wp-content\/uploads\/2019\/06\/Veronica-peduncularis-hybride-03E-229x300.jpg 229w, https:\/\/alainlarivierephoto.com\/wp-content\/uploads\/2019\/06\/Veronica-peduncularis-hybride-03E-768x1005.jpg 768w\" sizes=\"auto, (max-width: 978px) 100vw, 978px\" \/><\/a><p id=\"caption-attachment-14360\" class=\"wp-caption-text\">Veronica peduncularis, la V\u00e9ronique p\u00e9doncul\u00e9e<\/p><\/div>\n<p>&nbsp;<\/p>\n<p>R\u00e8gne\u00a0: Plantae.<br \/>\nOrdre\u00a0: Lamiales.<br \/>\nFamille\u00a0: Plantaginaceae.<br \/>\nGenre\u00a0: <em>Veronica<\/em>.<\/p>\n<p>Nom scientifique\u00a0: <em>Veronica peduncularis<\/em>.<br \/>\nNom commun\u00a0: V\u00e9ronique p\u00e9doncul\u00e9e.<\/p>\n<p style=\"text-align: justify;\">La V\u00e9ronique (<em>Veronica peduncularis)<\/em> est une plante vivace rhizomateuse de la famille des Plantaginac\u00e9es (Plantaginaceae) ou Scrophulariac\u00e9es (Scrophulariaceae).<br \/>\nPlante vigoureuse, tr\u00e8s facile de culture, elle se couvre de petites fleurs bleues \u00e0 \u0153il blanc, du printemps jusqu&rsquo;\u00e0 l&rsquo;\u00e9t\u00e9.<br \/>\nDescription\u00a0:<br \/>\nTiges prostr\u00e9es, tr\u00e8s ramifi\u00e9es. Feuilles de 1 \u00e0 3 cm de long, ovales, lanc\u00e9ol\u00e9es, dent\u00e9es, luisantes, d\u2019un vert moyen ombr\u00e9 de pourpre.<br \/>\nVeronica peduncularis est originaire de l\u2019Asie mineure (Turquie, Caucase) et d\u2019Ukraine.<\/p>\n","protected":false},"excerpt":{"rendered":"<p>&nbsp; R\u00e8gne\u00a0: Plantae. Ordre\u00a0: Lamiales. Famille\u00a0: Plantaginaceae. Genre\u00a0: Veronica. Nom scientifique\u00a0: Veronica peduncularis. Nom commun\u00a0: V\u00e9ronique p\u00e9doncul\u00e9e. La V\u00e9ronique (Veronica peduncularis) est une plante vivace rhizomateuse de la famille des Plantaginac\u00e9es (Plantaginaceae) ou Scrophulariac\u00e9es (Scrophulariaceae). Plante vigoureuse, tr\u00e8s facile de culture, elle se couvre de petites fleurs bleues \u00e0 \u0153il blanc, du printemps jusqu&rsquo;\u00e0 l&rsquo;\u00e9t\u00e9. [&hellip;]<\/p>\n","protected":false},"author":1,"featured_media":0,"comment_status":"open","ping_status":"open","sticky":false,"template":"","format":"standard","meta":{"footnotes":"","_links_to":"","_links_to_target":""},"categories":[15,14],"tags":[906,652,653,512,1056,562,563,799],"class_list":["post-14552","post","type-post","status-publish","format-standard","hentry","category-au-coeur-des-fleurs","category-flore","tag-plantae","tag-plantaginaceae","tag-plantaginacee","tag-plante","tag-veronica","tag-veronica-peduncularis","tag-veronique-pedonculee","tag-vivace"],"_links":{"self":[{"href":"https:\/\/alainlarivierephoto.com\/index.php?rest_route=\/wp\/v2\/posts\/14552","targetHints":{"allow":["GET"]}}],"collection":[{"href":"https:\/\/alainlarivierephoto.com\/index.php?rest_route=\/wp\/v2\/posts"}],"about":[{"href":"https:\/\/alainlarivierephoto.com\/index.php?rest_route=\/wp\/v2\/types\/post"}],"author":[{"embeddable":true,"href":"https:\/\/alainlarivierephoto.com\/index.php?rest_route=\/wp\/v2\/users\/1"}],"replies":[{"embeddable":true,"href":"https:\/\/alainlarivierephoto.com\/index.php?rest_route=%2Fwp%2Fv2%2Fcomments&post=14552"}],"version-history":[{"count":1,"href":"https:\/\/alainlarivierephoto.com\/index.php?rest_route=\/wp\/v2\/posts\/14552\/revisions"}],"predecessor-version":[{"id":14553,"href":"https:\/\/alainlarivierephoto.com\/index.php?rest_route=\/wp\/v2\/posts\/14552\/revisions\/14553"}],"wp:attachment":[{"href":"https:\/\/alainlarivierephoto.com\/index.php?rest_route=%2Fwp%2Fv2%2Fmedia&parent=14552"}],"wp:term":[{"taxonomy":"category","embeddable":true,"href":"https:\/\/alainlarivierephoto.com\/index.php?rest_route=%2Fwp%2Fv2%2Fcategories&post=14552"},{"taxonomy":"post_tag","embeddable":true,"href":"https:\/\/alainlarivierephoto.com\/index.php?rest_route=%2Fwp%2Fv2%2Ftags&post=14552"}],"curies":[{"name":"wp","href":"https:\/\/api.w.org\/{rel}","templated":true}]}}