{"id":14543,"date":"2019-08-29T00:05:32","date_gmt":"2019-08-28T22:05:32","guid":{"rendered":"https:\/\/alainlarivierephoto.com\/?p=14543"},"modified":"2019-08-26T18:28:18","modified_gmt":"2019-08-26T16:28:18","slug":"silhouettes-darbres-5-7-10-11","status":"publish","type":"post","link":"https:\/\/alainlarivierephoto.com\/?p=14543","title":{"rendered":"Silhouettes d&rsquo;arbres"},"content":{"rendered":"<div id=\"attachment_14304\" style=\"width: 1290px\" class=\"wp-caption aligncenter\"><a href=\"https:\/\/alainlarivierephoto.com\/wp-content\/uploads\/2019\/06\/Silhouettes-01E_bleu.jpg\"><img loading=\"lazy\" decoding=\"async\" aria-describedby=\"caption-attachment-14304\" class=\"size-large wp-image-14304 colorbox-14543\" src=\"https:\/\/alainlarivierephoto.com\/wp-content\/uploads\/2019\/06\/Silhouettes-01E_bleu-1280x852.jpg\" alt=\"Silhouettes d'arbres -5- (Rendu ton bleu)\" width=\"1280\" height=\"852\" srcset=\"https:\/\/alainlarivierephoto.com\/wp-content\/uploads\/2019\/06\/Silhouettes-01E_bleu.jpg 1280w, https:\/\/alainlarivierephoto.com\/wp-content\/uploads\/2019\/06\/Silhouettes-01E_bleu-180x120.jpg 180w, https:\/\/alainlarivierephoto.com\/wp-content\/uploads\/2019\/06\/Silhouettes-01E_bleu-300x200.jpg 300w, https:\/\/alainlarivierephoto.com\/wp-content\/uploads\/2019\/06\/Silhouettes-01E_bleu-768x511.jpg 768w\" sizes=\"auto, (max-width: 1280px) 100vw, 1280px\" \/><\/a><p id=\"caption-attachment-14304\" class=\"wp-caption-text\">Silhouettes d&rsquo;arbres<\/p><\/div>\n<div id=\"attachment_14306\" style=\"width: 1290px\" class=\"wp-caption aligncenter\"><a href=\"https:\/\/alainlarivierephoto.com\/wp-content\/uploads\/2019\/06\/Silhouettes-01E_NB.jpg\"><img loading=\"lazy\" decoding=\"async\" aria-describedby=\"caption-attachment-14306\" class=\"size-large wp-image-14306 colorbox-14543\" src=\"https:\/\/alainlarivierephoto.com\/wp-content\/uploads\/2019\/06\/Silhouettes-01E_NB-1280x852.jpg\" alt=\"Silhouettes d'arbres -7- (Rendu N&amp;B)\" width=\"1280\" height=\"852\" srcset=\"https:\/\/alainlarivierephoto.com\/wp-content\/uploads\/2019\/06\/Silhouettes-01E_NB.jpg 1280w, https:\/\/alainlarivierephoto.com\/wp-content\/uploads\/2019\/06\/Silhouettes-01E_NB-180x120.jpg 180w, https:\/\/alainlarivierephoto.com\/wp-content\/uploads\/2019\/06\/Silhouettes-01E_NB-300x200.jpg 300w, https:\/\/alainlarivierephoto.com\/wp-content\/uploads\/2019\/06\/Silhouettes-01E_NB-768x511.jpg 768w\" sizes=\"auto, (max-width: 1280px) 100vw, 1280px\" \/><\/a><p id=\"caption-attachment-14306\" class=\"wp-caption-text\">Silhouettes d&rsquo;arbres<\/p><\/div>\n<div id=\"attachment_14309\" style=\"width: 1290px\" class=\"wp-caption aligncenter\"><a href=\"https:\/\/alainlarivierephoto.com\/wp-content\/uploads\/2019\/06\/Silhouettes-01E_nuit-tombante_1.jpg\"><img loading=\"lazy\" decoding=\"async\" aria-describedby=\"caption-attachment-14309\" class=\"size-large wp-image-14309 colorbox-14543\" src=\"https:\/\/alainlarivierephoto.com\/wp-content\/uploads\/2019\/06\/Silhouettes-01E_nuit-tombante_1-1280x852.jpg\" alt=\"Silhouettes d'arbres -10- (Rendu nuit tombante n\u00b0 1)\" width=\"1280\" height=\"852\" srcset=\"https:\/\/alainlarivierephoto.com\/wp-content\/uploads\/2019\/06\/Silhouettes-01E_nuit-tombante_1.jpg 1280w, https:\/\/alainlarivierephoto.com\/wp-content\/uploads\/2019\/06\/Silhouettes-01E_nuit-tombante_1-180x120.jpg 180w, https:\/\/alainlarivierephoto.com\/wp-content\/uploads\/2019\/06\/Silhouettes-01E_nuit-tombante_1-300x200.jpg 300w, https:\/\/alainlarivierephoto.com\/wp-content\/uploads\/2019\/06\/Silhouettes-01E_nuit-tombante_1-768x511.jpg 768w\" sizes=\"auto, (max-width: 1280px) 100vw, 1280px\" \/><\/a><p id=\"caption-attachment-14309\" class=\"wp-caption-text\">Silhouettes d&rsquo;arbres<\/p><\/div>\n<div id=\"attachment_14310\" style=\"width: 1290px\" class=\"wp-caption aligncenter\"><a href=\"https:\/\/alainlarivierephoto.com\/wp-content\/uploads\/2019\/06\/Silhouettes-01E_nuit-tombante_2.jpg\"><img loading=\"lazy\" decoding=\"async\" aria-describedby=\"caption-attachment-14310\" class=\"size-large wp-image-14310 colorbox-14543\" src=\"https:\/\/alainlarivierephoto.com\/wp-content\/uploads\/2019\/06\/Silhouettes-01E_nuit-tombante_2-1280x852.jpg\" alt=\"Silhouettes d'arbres -11- (Rendu nuit tombante n\u00b0 2)\" width=\"1280\" height=\"852\" srcset=\"https:\/\/alainlarivierephoto.com\/wp-content\/uploads\/2019\/06\/Silhouettes-01E_nuit-tombante_2.jpg 1280w, https:\/\/alainlarivierephoto.com\/wp-content\/uploads\/2019\/06\/Silhouettes-01E_nuit-tombante_2-180x120.jpg 180w, https:\/\/alainlarivierephoto.com\/wp-content\/uploads\/2019\/06\/Silhouettes-01E_nuit-tombante_2-300x200.jpg 300w, https:\/\/alainlarivierephoto.com\/wp-content\/uploads\/2019\/06\/Silhouettes-01E_nuit-tombante_2-768x511.jpg 768w\" sizes=\"auto, (max-width: 1280px) 100vw, 1280px\" \/><\/a><p id=\"caption-attachment-14310\" class=\"wp-caption-text\">Silhouettes d&rsquo;arbres<\/p><\/div>\n<p>&nbsp;<\/p>\n<p style=\"text-align: justify;\">Cette s\u00e9rie est compos\u00e9e de photographies d\u2019arbres pris en contre-jour. L\u2019ambiance cr\u00e9pusculaire est obtenue par une sous-exposition globale de l\u2019image \u00e0 la prise de vue. L\u2019application, en post traitement, d\u2019un tone-mapping sur certaines zones de l\u2019image permet de cr\u00e9er un clair obscur qui participe \u00e0 la dramatisation de la sc\u00e8ne. L\u2019utilisation de filtres color\u00e9s, que l\u2019image soit couleur ou noir et blanc, permet de multiplier les ambiances, cr\u00e9ant ainsi un rendu spectaculaire et\/ou onirique.<\/p>\n","protected":false},"excerpt":{"rendered":"<p>&nbsp; Cette s\u00e9rie est compos\u00e9e de photographies d\u2019arbres pris en contre-jour. L\u2019ambiance cr\u00e9pusculaire est obtenue par une sous-exposition globale de l\u2019image \u00e0 la prise de vue. L\u2019application, en post traitement, d\u2019un tone-mapping sur certaines zones de l\u2019image permet de cr\u00e9er un clair obscur qui participe \u00e0 la dramatisation de la sc\u00e8ne. L\u2019utilisation de filtres color\u00e9s, [&hellip;]<\/p>\n","protected":false},"author":1,"featured_media":0,"comment_status":"open","ping_status":"open","sticky":false,"template":"","format":"standard","meta":{"footnotes":"","_links_to":"","_links_to_target":""},"categories":[5,391],"tags":[33,30,276],"class_list":["post-14543","post","type-post","status-publish","format-standard","hentry","category-ambiances-nocturnes","category-graphisme","tag-arbre","tag-contre-jour","tag-silhouette"],"_links":{"self":[{"href":"https:\/\/alainlarivierephoto.com\/index.php?rest_route=\/wp\/v2\/posts\/14543","targetHints":{"allow":["GET"]}}],"collection":[{"href":"https:\/\/alainlarivierephoto.com\/index.php?rest_route=\/wp\/v2\/posts"}],"about":[{"href":"https:\/\/alainlarivierephoto.com\/index.php?rest_route=\/wp\/v2\/types\/post"}],"author":[{"embeddable":true,"href":"https:\/\/alainlarivierephoto.com\/index.php?rest_route=\/wp\/v2\/users\/1"}],"replies":[{"embeddable":true,"href":"https:\/\/alainlarivierephoto.com\/index.php?rest_route=%2Fwp%2Fv2%2Fcomments&post=14543"}],"version-history":[{"count":3,"href":"https:\/\/alainlarivierephoto.com\/index.php?rest_route=\/wp\/v2\/posts\/14543\/revisions"}],"predecessor-version":[{"id":14550,"href":"https:\/\/alainlarivierephoto.com\/index.php?rest_route=\/wp\/v2\/posts\/14543\/revisions\/14550"}],"wp:attachment":[{"href":"https:\/\/alainlarivierephoto.com\/index.php?rest_route=%2Fwp%2Fv2%2Fmedia&parent=14543"}],"wp:term":[{"taxonomy":"category","embeddable":true,"href":"https:\/\/alainlarivierephoto.com\/index.php?rest_route=%2Fwp%2Fv2%2Fcategories&post=14543"},{"taxonomy":"post_tag","embeddable":true,"href":"https:\/\/alainlarivierephoto.com\/index.php?rest_route=%2Fwp%2Fv2%2Ftags&post=14543"}],"curies":[{"name":"wp","href":"https:\/\/api.w.org\/{rel}","templated":true}]}}