{"id":14499,"date":"2019-07-30T00:05:07","date_gmt":"2019-07-29T22:05:07","guid":{"rendered":"https:\/\/alainlarivierephoto.com\/?p=14499"},"modified":"2019-07-06T22:17:57","modified_gmt":"2019-07-06T20:17:57","slug":"pas-encore-suspendus-1","status":"publish","type":"post","link":"https:\/\/alainlarivierephoto.com\/?p=14499","title":{"rendered":"Pas encore suspendus"},"content":{"rendered":"<div id=\"attachment_14256\" style=\"width: 1290px\" class=\"wp-caption aligncenter\"><a href=\"https:\/\/alainlarivierephoto.com\/wp-content\/uploads\/2019\/06\/Pas-encore-suspendus-01E.jpg\"><img loading=\"lazy\" decoding=\"async\" aria-describedby=\"caption-attachment-14256\" class=\"size-large wp-image-14256 colorbox-14499\" src=\"https:\/\/alainlarivierephoto.com\/wp-content\/uploads\/2019\/06\/Pas-encore-suspendus-01E-1280x853.jpg\" alt=\"Pas encore suspendus -1-\" width=\"1280\" height=\"853\" srcset=\"https:\/\/alainlarivierephoto.com\/wp-content\/uploads\/2019\/06\/Pas-encore-suspendus-01E.jpg 1280w, https:\/\/alainlarivierephoto.com\/wp-content\/uploads\/2019\/06\/Pas-encore-suspendus-01E-180x120.jpg 180w, https:\/\/alainlarivierephoto.com\/wp-content\/uploads\/2019\/06\/Pas-encore-suspendus-01E-300x200.jpg 300w, https:\/\/alainlarivierephoto.com\/wp-content\/uploads\/2019\/06\/Pas-encore-suspendus-01E-768x512.jpg 768w\" sizes=\"auto, (max-width: 1280px) 100vw, 1280px\" \/><\/a><p id=\"caption-attachment-14256\" class=\"wp-caption-text\">Pas encore suspendus<\/p><\/div>\n<p>&nbsp;<\/p>\n<p>Visite des \u00e9tablissements \u00ab\u00a0Les jardins de Sologne\u00a0\u00bb situ\u00e9s sur la commune de Saint-Denis-en-Val, au lieu dit Melleray. Le titre de la s\u00e9rie se rapporte aux nombreuses pot\u00e9es contenant des G\u00e9raniums en attende d&rsquo;\u00eatre suspendues dans la serre 0\u00f9 chez les acheteurs.<\/p>\n","protected":false},"excerpt":{"rendered":"<p>&nbsp; Visite des \u00e9tablissements \u00ab\u00a0Les jardins de Sologne\u00a0\u00bb situ\u00e9s sur la commune de Saint-Denis-en-Val, au lieu dit Melleray. Le titre de la s\u00e9rie se rapporte aux nombreuses pot\u00e9es contenant des G\u00e9raniums en attende d&rsquo;\u00eatre suspendues dans la serre 0\u00f9 chez les acheteurs.<\/p>\n","protected":false},"author":1,"featured_media":0,"comment_status":"open","ping_status":"open","sticky":false,"template":"","format":"standard","meta":{"footnotes":"","_links_to":"","_links_to_target":""},"categories":[14,391],"tags":[738,1051,673],"class_list":["post-14499","post","type-post","status-publish","format-standard","hentry","category-flore","category-graphisme","tag-fleur","tag-geranium-lierre","tag-serre"],"_links":{"self":[{"href":"https:\/\/alainlarivierephoto.com\/index.php?rest_route=\/wp\/v2\/posts\/14499","targetHints":{"allow":["GET"]}}],"collection":[{"href":"https:\/\/alainlarivierephoto.com\/index.php?rest_route=\/wp\/v2\/posts"}],"about":[{"href":"https:\/\/alainlarivierephoto.com\/index.php?rest_route=\/wp\/v2\/types\/post"}],"author":[{"embeddable":true,"href":"https:\/\/alainlarivierephoto.com\/index.php?rest_route=\/wp\/v2\/users\/1"}],"replies":[{"embeddable":true,"href":"https:\/\/alainlarivierephoto.com\/index.php?rest_route=%2Fwp%2Fv2%2Fcomments&post=14499"}],"version-history":[{"count":2,"href":"https:\/\/alainlarivierephoto.com\/index.php?rest_route=\/wp\/v2\/posts\/14499\/revisions"}],"predecessor-version":[{"id":14501,"href":"https:\/\/alainlarivierephoto.com\/index.php?rest_route=\/wp\/v2\/posts\/14499\/revisions\/14501"}],"wp:attachment":[{"href":"https:\/\/alainlarivierephoto.com\/index.php?rest_route=%2Fwp%2Fv2%2Fmedia&parent=14499"}],"wp:term":[{"taxonomy":"category","embeddable":true,"href":"https:\/\/alainlarivierephoto.com\/index.php?rest_route=%2Fwp%2Fv2%2Fcategories&post=14499"},{"taxonomy":"post_tag","embeddable":true,"href":"https:\/\/alainlarivierephoto.com\/index.php?rest_route=%2Fwp%2Fv2%2Ftags&post=14499"}],"curies":[{"name":"wp","href":"https:\/\/api.w.org\/{rel}","templated":true}]}}