{"id":14489,"date":"2019-07-27T00:05:44","date_gmt":"2019-07-26T22:05:44","guid":{"rendered":"https:\/\/alainlarivierephoto.com\/?p=14489"},"modified":"2019-07-06T17:09:22","modified_gmt":"2019-07-06T15:09:22","slug":"la-porte-violine","status":"publish","type":"post","link":"https:\/\/alainlarivierephoto.com\/?p=14489","title":{"rendered":"La porte violine"},"content":{"rendered":"<div id=\"attachment_14236\" style=\"width: 864px\" class=\"wp-caption aligncenter\"><a href=\"https:\/\/alainlarivierephoto.com\/wp-content\/uploads\/2019\/06\/La-porte-violine-01E.jpg\"><img loading=\"lazy\" decoding=\"async\" aria-describedby=\"caption-attachment-14236\" class=\"size-large wp-image-14236 colorbox-14489\" src=\"https:\/\/alainlarivierephoto.com\/wp-content\/uploads\/2019\/06\/La-porte-violine-01E-854x1280.jpg\" alt=\"La porte violine\" width=\"854\" height=\"1280\" srcset=\"https:\/\/alainlarivierephoto.com\/wp-content\/uploads\/2019\/06\/La-porte-violine-01E.jpg 854w, https:\/\/alainlarivierephoto.com\/wp-content\/uploads\/2019\/06\/La-porte-violine-01E-120x180.jpg 120w, https:\/\/alainlarivierephoto.com\/wp-content\/uploads\/2019\/06\/La-porte-violine-01E-200x300.jpg 200w, https:\/\/alainlarivierephoto.com\/wp-content\/uploads\/2019\/06\/La-porte-violine-01E-768x1151.jpg 768w\" sizes=\"auto, (max-width: 854px) 100vw, 854px\" \/><\/a><p id=\"caption-attachment-14236\" class=\"wp-caption-text\">La porte violine<\/p><\/div>\n<p>&nbsp;<\/p>\n<p style=\"text-align: justify;\">Cette vieille porte, toute par\u00e9e de couleur violine rappelant les champs de lavande de la Provence, a tout de suite attir\u00e9 mon regard. La lumi\u00e8re de fin d&rsquo;apr\u00e8s-midi qui \u00e9tirait les ombres, apportait du relief \u00e0 la photographie. La pot\u00e9e de rosier sur le sol vient compl\u00e9ter harmonieusement la composition.<\/p>\n","protected":false},"excerpt":{"rendered":"<p>&nbsp; Cette vieille porte, toute par\u00e9e de couleur violine rappelant les champs de lavande de la Provence, a tout de suite attir\u00e9 mon regard. La lumi\u00e8re de fin d&rsquo;apr\u00e8s-midi qui \u00e9tirait les ombres, apportait du relief \u00e0 la photographie. La pot\u00e9e de rosier sur le sol vient compl\u00e9ter harmonieusement la composition.<\/p>\n","protected":false},"author":1,"featured_media":0,"comment_status":"open","ping_status":"open","sticky":false,"template":"","format":"standard","meta":{"footnotes":"","_links_to":"","_links_to_target":""},"categories":[687,636],"tags":[1044,199],"class_list":["post-14489","post","type-post","status-publish","format-standard","hentry","category-architecture","category-paysages-urbains","tag-couleur-violine","tag-porte"],"_links":{"self":[{"href":"https:\/\/alainlarivierephoto.com\/index.php?rest_route=\/wp\/v2\/posts\/14489","targetHints":{"allow":["GET"]}}],"collection":[{"href":"https:\/\/alainlarivierephoto.com\/index.php?rest_route=\/wp\/v2\/posts"}],"about":[{"href":"https:\/\/alainlarivierephoto.com\/index.php?rest_route=\/wp\/v2\/types\/post"}],"author":[{"embeddable":true,"href":"https:\/\/alainlarivierephoto.com\/index.php?rest_route=\/wp\/v2\/users\/1"}],"replies":[{"embeddable":true,"href":"https:\/\/alainlarivierephoto.com\/index.php?rest_route=%2Fwp%2Fv2%2Fcomments&post=14489"}],"version-history":[{"count":2,"href":"https:\/\/alainlarivierephoto.com\/index.php?rest_route=\/wp\/v2\/posts\/14489\/revisions"}],"predecessor-version":[{"id":14491,"href":"https:\/\/alainlarivierephoto.com\/index.php?rest_route=\/wp\/v2\/posts\/14489\/revisions\/14491"}],"wp:attachment":[{"href":"https:\/\/alainlarivierephoto.com\/index.php?rest_route=%2Fwp%2Fv2%2Fmedia&parent=14489"}],"wp:term":[{"taxonomy":"category","embeddable":true,"href":"https:\/\/alainlarivierephoto.com\/index.php?rest_route=%2Fwp%2Fv2%2Fcategories&post=14489"},{"taxonomy":"post_tag","embeddable":true,"href":"https:\/\/alainlarivierephoto.com\/index.php?rest_route=%2Fwp%2Fv2%2Ftags&post=14489"}],"curies":[{"name":"wp","href":"https:\/\/api.w.org\/{rel}","templated":true}]}}