{"id":14462,"date":"2019-07-20T00:05:15","date_gmt":"2019-07-19T22:05:15","guid":{"rendered":"https:\/\/alainlarivierephoto.com\/?p=14462"},"modified":"2019-07-06T15:56:25","modified_gmt":"2019-07-06T13:56:25","slug":"la-main-sur-la-porte-violine-1r-2-3","status":"publish","type":"post","link":"https:\/\/alainlarivierephoto.com\/?p=14462","title":{"rendered":"La main sur la porte violine"},"content":{"rendered":"<div id=\"attachment_14233\" style=\"width: 801px\" class=\"wp-caption aligncenter\"><a href=\"https:\/\/alainlarivierephoto.com\/wp-content\/uploads\/2019\/06\/La-main-sur-la-porte-violine-01ER.jpg\"><img loading=\"lazy\" decoding=\"async\" aria-describedby=\"caption-attachment-14233\" class=\"size-large wp-image-14233 colorbox-14462\" src=\"https:\/\/alainlarivierephoto.com\/wp-content\/uploads\/2019\/06\/La-main-sur-la-porte-violine-01ER-791x1280.jpg\" alt=\"La main sur la porte violine -1R-\" width=\"791\" height=\"1280\" srcset=\"https:\/\/alainlarivierephoto.com\/wp-content\/uploads\/2019\/06\/La-main-sur-la-porte-violine-01ER.jpg 791w, https:\/\/alainlarivierephoto.com\/wp-content\/uploads\/2019\/06\/La-main-sur-la-porte-violine-01ER-111x180.jpg 111w, https:\/\/alainlarivierephoto.com\/wp-content\/uploads\/2019\/06\/La-main-sur-la-porte-violine-01ER-185x300.jpg 185w, https:\/\/alainlarivierephoto.com\/wp-content\/uploads\/2019\/06\/La-main-sur-la-porte-violine-01ER-768x1243.jpg 768w\" sizes=\"auto, (max-width: 791px) 100vw, 791px\" \/><\/a><p id=\"caption-attachment-14233\" class=\"wp-caption-text\">La main sur la porte violine<\/p><\/div>\n<div id=\"attachment_14234\" style=\"width: 853px\" class=\"wp-caption aligncenter\"><a href=\"https:\/\/alainlarivierephoto.com\/wp-content\/uploads\/2019\/06\/La-main-sur-la-porte-violine-02E.jpg\"><img loading=\"lazy\" decoding=\"async\" aria-describedby=\"caption-attachment-14234\" class=\"size-full wp-image-14234 colorbox-14462\" src=\"https:\/\/alainlarivierephoto.com\/wp-content\/uploads\/2019\/06\/La-main-sur-la-porte-violine-02E.jpg\" alt=\"La main sur la porte violine -2-\" width=\"843\" height=\"1276\" srcset=\"https:\/\/alainlarivierephoto.com\/wp-content\/uploads\/2019\/06\/La-main-sur-la-porte-violine-02E.jpg 843w, https:\/\/alainlarivierephoto.com\/wp-content\/uploads\/2019\/06\/La-main-sur-la-porte-violine-02E-119x180.jpg 119w, https:\/\/alainlarivierephoto.com\/wp-content\/uploads\/2019\/06\/La-main-sur-la-porte-violine-02E-198x300.jpg 198w, https:\/\/alainlarivierephoto.com\/wp-content\/uploads\/2019\/06\/La-main-sur-la-porte-violine-02E-768x1162.jpg 768w\" sizes=\"auto, (max-width: 843px) 100vw, 843px\" \/><\/a><p id=\"caption-attachment-14234\" class=\"wp-caption-text\">La main sur la porte violine<\/p><\/div>\n<div id=\"attachment_14235\" style=\"width: 864px\" class=\"wp-caption aligncenter\"><a href=\"https:\/\/alainlarivierephoto.com\/wp-content\/uploads\/2019\/06\/La-main-sur-la-porte-violine-03E.jpg\"><img loading=\"lazy\" decoding=\"async\" aria-describedby=\"caption-attachment-14235\" class=\"size-large wp-image-14235 colorbox-14462\" src=\"https:\/\/alainlarivierephoto.com\/wp-content\/uploads\/2019\/06\/La-main-sur-la-porte-violine-03E-854x1280.jpg\" alt=\"La main sur la porte violine -3-\" width=\"854\" height=\"1280\" srcset=\"https:\/\/alainlarivierephoto.com\/wp-content\/uploads\/2019\/06\/La-main-sur-la-porte-violine-03E.jpg 854w, https:\/\/alainlarivierephoto.com\/wp-content\/uploads\/2019\/06\/La-main-sur-la-porte-violine-03E-120x180.jpg 120w, https:\/\/alainlarivierephoto.com\/wp-content\/uploads\/2019\/06\/La-main-sur-la-porte-violine-03E-200x300.jpg 200w, https:\/\/alainlarivierephoto.com\/wp-content\/uploads\/2019\/06\/La-main-sur-la-porte-violine-03E-768x1151.jpg 768w\" sizes=\"auto, (max-width: 854px) 100vw, 854px\" \/><\/a><p id=\"caption-attachment-14235\" class=\"wp-caption-text\">La main sur la porte violine<\/p><\/div>\n<p>&nbsp;<\/p>\n<p>Cette vieille porte, toute par\u00e9e de couleur violine rappelant les champs de lavande de la Provence, a tout de suite attir\u00e9 mon regard. La lumi\u00e8re de fin d&rsquo;apr\u00e8s-midi qui \u00e9tirait les ombres, apportait du relief \u00e0 la photographie.<\/p>\n","protected":false},"excerpt":{"rendered":"<p>&nbsp; Cette vieille porte, toute par\u00e9e de couleur violine rappelant les champs de lavande de la Provence, a tout de suite attir\u00e9 mon regard. La lumi\u00e8re de fin d&rsquo;apr\u00e8s-midi qui \u00e9tirait les ombres, apportait du relief \u00e0 la photographie.<\/p>\n","protected":false},"author":1,"featured_media":0,"comment_status":"open","ping_status":"open","sticky":false,"template":"","format":"standard","meta":{"footnotes":"","_links_to":"","_links_to_target":""},"categories":[391,17],"tags":[599,1040,199],"class_list":["post-14462","post","type-post","status-publish","format-standard","hentry","category-graphisme","category-insolite","tag-heurtoir","tag-main","tag-porte"],"_links":{"self":[{"href":"https:\/\/alainlarivierephoto.com\/index.php?rest_route=\/wp\/v2\/posts\/14462","targetHints":{"allow":["GET"]}}],"collection":[{"href":"https:\/\/alainlarivierephoto.com\/index.php?rest_route=\/wp\/v2\/posts"}],"about":[{"href":"https:\/\/alainlarivierephoto.com\/index.php?rest_route=\/wp\/v2\/types\/post"}],"author":[{"embeddable":true,"href":"https:\/\/alainlarivierephoto.com\/index.php?rest_route=\/wp\/v2\/users\/1"}],"replies":[{"embeddable":true,"href":"https:\/\/alainlarivierephoto.com\/index.php?rest_route=%2Fwp%2Fv2%2Fcomments&post=14462"}],"version-history":[{"count":3,"href":"https:\/\/alainlarivierephoto.com\/index.php?rest_route=\/wp\/v2\/posts\/14462\/revisions"}],"predecessor-version":[{"id":14465,"href":"https:\/\/alainlarivierephoto.com\/index.php?rest_route=\/wp\/v2\/posts\/14462\/revisions\/14465"}],"wp:attachment":[{"href":"https:\/\/alainlarivierephoto.com\/index.php?rest_route=%2Fwp%2Fv2%2Fmedia&parent=14462"}],"wp:term":[{"taxonomy":"category","embeddable":true,"href":"https:\/\/alainlarivierephoto.com\/index.php?rest_route=%2Fwp%2Fv2%2Fcategories&post=14462"},{"taxonomy":"post_tag","embeddable":true,"href":"https:\/\/alainlarivierephoto.com\/index.php?rest_route=%2Fwp%2Fv2%2Ftags&post=14462"}],"curies":[{"name":"wp","href":"https:\/\/api.w.org\/{rel}","templated":true}]}}