{"id":14447,"date":"2019-07-16T00:05:28","date_gmt":"2019-07-15T22:05:28","guid":{"rendered":"https:\/\/alainlarivierephoto.com\/?p=14447"},"modified":"2019-07-06T15:24:58","modified_gmt":"2019-07-06T13:24:58","slug":"feuilles-givrees-1-2","status":"publish","type":"post","link":"https:\/\/alainlarivierephoto.com\/?p=14447","title":{"rendered":"Feuilles givr\u00e9es"},"content":{"rendered":"<div id=\"attachment_14224\" style=\"width: 1290px\" class=\"wp-caption aligncenter\"><a href=\"https:\/\/alainlarivierephoto.com\/wp-content\/uploads\/2019\/06\/Feuilles-givr\u00e9es-01E.jpg\"><img loading=\"lazy\" decoding=\"async\" aria-describedby=\"caption-attachment-14224\" class=\"size-large wp-image-14224 colorbox-14447\" src=\"https:\/\/alainlarivierephoto.com\/wp-content\/uploads\/2019\/06\/Feuilles-givr\u00e9es-01E-1280x850.jpg\" alt=\"Feuilles givr\u00e9es -1-\" width=\"1280\" height=\"850\" srcset=\"https:\/\/alainlarivierephoto.com\/wp-content\/uploads\/2019\/06\/Feuilles-givr\u00e9es-01E.jpg 1280w, https:\/\/alainlarivierephoto.com\/wp-content\/uploads\/2019\/06\/Feuilles-givr\u00e9es-01E-180x120.jpg 180w, https:\/\/alainlarivierephoto.com\/wp-content\/uploads\/2019\/06\/Feuilles-givr\u00e9es-01E-300x199.jpg 300w, https:\/\/alainlarivierephoto.com\/wp-content\/uploads\/2019\/06\/Feuilles-givr\u00e9es-01E-768x510.jpg 768w\" sizes=\"auto, (max-width: 1280px) 100vw, 1280px\" \/><\/a><p id=\"caption-attachment-14224\" class=\"wp-caption-text\">Feuilles givr\u00e9es<\/p><\/div>\n<div id=\"attachment_14225\" style=\"width: 1290px\" class=\"wp-caption aligncenter\"><a href=\"https:\/\/alainlarivierephoto.com\/wp-content\/uploads\/2019\/06\/Feuilles-givr\u00e9es-02E.jpg\"><img loading=\"lazy\" decoding=\"async\" aria-describedby=\"caption-attachment-14225\" class=\"size-large wp-image-14225 colorbox-14447\" src=\"https:\/\/alainlarivierephoto.com\/wp-content\/uploads\/2019\/06\/Feuilles-givr\u00e9es-02E-1280x850.jpg\" alt=\"Feuilles givr\u00e9es -2-\" width=\"1280\" height=\"850\" srcset=\"https:\/\/alainlarivierephoto.com\/wp-content\/uploads\/2019\/06\/Feuilles-givr\u00e9es-02E.jpg 1280w, https:\/\/alainlarivierephoto.com\/wp-content\/uploads\/2019\/06\/Feuilles-givr\u00e9es-02E-180x120.jpg 180w, https:\/\/alainlarivierephoto.com\/wp-content\/uploads\/2019\/06\/Feuilles-givr\u00e9es-02E-300x199.jpg 300w, https:\/\/alainlarivierephoto.com\/wp-content\/uploads\/2019\/06\/Feuilles-givr\u00e9es-02E-768x510.jpg 768w\" sizes=\"auto, (max-width: 1280px) 100vw, 1280px\" \/><\/a><p id=\"caption-attachment-14225\" class=\"wp-caption-text\">Feuilles givr\u00e9es<\/p><\/div>\n<p>&nbsp;<\/p>\n<p style=\"text-align: justify;\">C\u2019est par un petit matin, o\u00f9 le froid et l\u2019humidit\u00e9 conjugu\u00e8rent leur action pour former du givre, que j\u2019ai pris cette photographie.<br \/>\nCe que je trouve int\u00e9ressant dans l\u2019image c\u2019est l\u2019opposition des teintes \u00ab\u00a0chaudes\u00a0\u00bb des feuilles tomb\u00e9es au sol et le blanc du givre saupoudrant ce tapis v\u00e9g\u00e9tal hivernal.<\/p>\n","protected":false},"excerpt":{"rendered":"<p>&nbsp; C\u2019est par un petit matin, o\u00f9 le froid et l\u2019humidit\u00e9 conjugu\u00e8rent leur action pour former du givre, que j\u2019ai pris cette photographie. Ce que je trouve int\u00e9ressant dans l\u2019image c\u2019est l\u2019opposition des teintes \u00ab\u00a0chaudes\u00a0\u00bb des feuilles tomb\u00e9es au sol et le blanc du givre saupoudrant ce tapis v\u00e9g\u00e9tal hivernal.<\/p>\n","protected":false},"author":1,"featured_media":0,"comment_status":"open","ping_status":"open","sticky":false,"template":"","format":"standard","meta":{"footnotes":"","_links_to":"","_links_to_target":""},"categories":[14,391,18],"tags":[743,614],"class_list":["post-14447","post","type-post","status-publish","format-standard","hentry","category-flore","category-graphisme","category-textures-vegetales","tag-feuille","tag-givre"],"_links":{"self":[{"href":"https:\/\/alainlarivierephoto.com\/index.php?rest_route=\/wp\/v2\/posts\/14447","targetHints":{"allow":["GET"]}}],"collection":[{"href":"https:\/\/alainlarivierephoto.com\/index.php?rest_route=\/wp\/v2\/posts"}],"about":[{"href":"https:\/\/alainlarivierephoto.com\/index.php?rest_route=\/wp\/v2\/types\/post"}],"author":[{"embeddable":true,"href":"https:\/\/alainlarivierephoto.com\/index.php?rest_route=\/wp\/v2\/users\/1"}],"replies":[{"embeddable":true,"href":"https:\/\/alainlarivierephoto.com\/index.php?rest_route=%2Fwp%2Fv2%2Fcomments&post=14447"}],"version-history":[{"count":2,"href":"https:\/\/alainlarivierephoto.com\/index.php?rest_route=\/wp\/v2\/posts\/14447\/revisions"}],"predecessor-version":[{"id":14449,"href":"https:\/\/alainlarivierephoto.com\/index.php?rest_route=\/wp\/v2\/posts\/14447\/revisions\/14449"}],"wp:attachment":[{"href":"https:\/\/alainlarivierephoto.com\/index.php?rest_route=%2Fwp%2Fv2%2Fmedia&parent=14447"}],"wp:term":[{"taxonomy":"category","embeddable":true,"href":"https:\/\/alainlarivierephoto.com\/index.php?rest_route=%2Fwp%2Fv2%2Fcategories&post=14447"},{"taxonomy":"post_tag","embeddable":true,"href":"https:\/\/alainlarivierephoto.com\/index.php?rest_route=%2Fwp%2Fv2%2Ftags&post=14447"}],"curies":[{"name":"wp","href":"https:\/\/api.w.org\/{rel}","templated":true}]}}